{"@context":{"skos":"http:\/\/www.w3.org\/2004\/02\/skos\/core#","dct":"http:\/\/purl.org\/dc\/terms\/","uri":"@id","type":"@type","lang":"@language","value":"@value","prefLabel":"skos:prefLabel","inScheme":"skos:inScheme","broader":"skos:broader","narrower":"skos:narrower","related":"skos:related","exactMatch":"skos:exactMatch"},"uri":"https:\/\/vocabularios.educacion.gob.ar\/admin\/ocupaciones\/termino\/106\/share\/skos","type":"skos:Concept","prefLabel":{"lang":"es","value":"Activistas"},"inScheme":{"uri":"https:\/\/vocabularios.educacion.gob.ar\/admin\/ocupaciones\/"},"dct:created":{"type":"http:\/\/www.w3.org\/2001\/XMLSchema#dateTime","value":"2021-05-28 21:26:30"},"dct:modified":{"type":"http:\/\/www.w3.org\/2001\/XMLSchema#dateTime","value":null},"skos:scopeNote":[{"lang":"es","value":"Usese para personas en una actividad sostenida con intenci\u00f3n de efectuar un cambio de \u00edndole social o pol\u00edtica, usualmente dirigida a favor de una postura particular dentro de una disputa o controversia, p.e. ecolog\u00eda, feminismo, derechos civiles, racismo, etc."}]}