{"tema_id":"106","string":"Activistas","created":"2021-05-28 21:26:30","code":null,"modified":null,"notes":[{"@type":"nota de alcance","@lang":"es","@value":"Usese para personas en una actividad sostenida con intenci\u00f3n de efectuar un cambio de \u00edndole social o pol\u00edtica, usualmente dirigida a favor de una postura particular dentro de una disputa o controversia, p.e. ecolog\u00eda, feminismo, derechos civiles, racismo, etc."}]}