{"@context":{"skos":"http:\/\/www.w3.org\/2004\/02\/skos\/core#","dct":"http:\/\/purl.org\/dc\/terms\/","uri":"@id","type":"@type","lang":"@language","value":"@value","prefLabel":"skos:prefLabel","inScheme":"skos:inScheme","broader":"skos:broader","narrower":"skos:narrower","related":"skos:related","exactMatch":"skos:exactMatch"},"uri":"https:\/\/vocabularios.educacion.gob.ar\/admin\/brasil\/termino\/88\/share\/skos","type":"skos:Concept","prefLabel":{"lang":"pt","value":"EDUCA\u00c7\u00c3O INFORMAL"},"inScheme":{"uri":"https:\/\/vocabularios.educacion.gob.ar\/admin\/brasil\/"},"dct:created":{"type":"http:\/\/www.w3.org\/2001\/XMLSchema#dateTime","value":"2011-03-22 15:07:58"},"dct:modified":{"type":"http:\/\/www.w3.org\/2001\/XMLSchema#dateTime","value":"2015-11-05 10:00:40"},"skos:scopeNote":[{"lang":"pt","value":"Processo educativo no qual o ensino e a aprendizagem ocorrem espontaneamente, atrav\u00e9s da partilha de conhecimentos na intera\u00e7\u00e3o sociocultural - durante o processo de socializa\u00e7\u00e3o, seja na fam\u00edlia, bairro, clube, amigos etc. -, os indiv\u00edduos se apropriam de valores, culturas e do sentimento de pertencimento inerentes ao conjunto de pr\u00e1ticas no qual est\u00e3o inseridos."}],"skos:note":[{"lang":"pt","value":"Defini\u00e7\u00e3o elaborada pela Rede de Especialistas do Inep com base nas seguintes refer\u00eancias:\n\nGASPAR, Alberto. A educa\u00e7\u00e3o formal e a educa\u00e7\u00e3o informal em ci\u00eancias. In: MASSARANI, Luisa; MOREIRA, Ildebeu de Castro; BRITO, F\u00e1tima. Ci\u00eancia e p\u00fablico. Rio de Janeiro: Editora UFRJ, 2002. p.172-173. Dispon\u00edvel em: <http:\/\/www.casadaciencia.ufrj.br\/Publicacoes\/terraincognita\/cienciaepublico\/artigos\/art14_aeducacaoformal.pdf>. Acesso em: 15 ago. 2015.\n\nGOHN, Maria da Gl\u00f3ria. Educa\u00e7\u00e3o n\u00e3o formal, participa\u00e7\u00e3o da sociedade civil e estruturas colegiadas nas escolas. Ensaio: Avalia\u00e7\u00e3o e Pol\u00edticas P\u00fablicas em Educa\u00e7\u00e3o, Rio de Janeiro, v.14, n.50, p. 27-38, jan.\/mar. 2006. Dispon\u00edvel em: <http:\/\/www.scielo.br\/pdf\/%0D\/ensaio\/v14n50\/30405.pdf>. Acesso em: 15 ago. 2015."}]}