{"tema_id":"88","string":"EDUCA\u00c7\u00c3O INFORMAL","created":"2011-03-22 15:07:58","code":null,"modified":"2015-11-05 10:00:40","notes":[{"@type":"nota de alcance","@lang":"pt","@value":"Processo educativo no qual o ensino e a aprendizagem ocorrem espontaneamente, atrav\u00e9s da partilha de conhecimentos na intera\u00e7\u00e3o sociocultural - durante o processo de socializa\u00e7\u00e3o, seja na fam\u00edlia, bairro, clube, amigos etc. -, os indiv\u00edduos se apropriam de valores, culturas e do sentimento de pertencimento inerentes ao conjunto de pr\u00e1ticas no qual est\u00e3o inseridos."},{"@type":"nota bibliogr\u00e1fica","@lang":"pt","@value":"Defini\u00e7\u00e3o elaborada pela Rede de Especialistas do Inep com base nas seguintes refer\u00eancias:\n\nGASPAR, Alberto. A educa\u00e7\u00e3o formal e a educa\u00e7\u00e3o informal em ci\u00eancias. In: MASSARANI, Luisa; MOREIRA, Ildebeu de Castro; BRITO, F\u00e1tima. Ci\u00eancia e p\u00fablico. Rio de Janeiro: Editora UFRJ, 2002. p.172-173. Dispon\u00edvel em: <http:\/\/www.casadaciencia.ufrj.br\/Publicacoes\/terraincognita\/cienciaepublico\/artigos\/art14_aeducacaoformal.pdf>. Acesso em: 15 ago. 2015.\n\nGOHN, Maria da Gl\u00f3ria. Educa\u00e7\u00e3o n\u00e3o formal, participa\u00e7\u00e3o da sociedade civil e estruturas colegiadas nas escolas. Ensaio: Avalia\u00e7\u00e3o e Pol\u00edticas P\u00fablicas em Educa\u00e7\u00e3o, Rio de Janeiro, v.14, n.50, p. 27-38, jan.\/mar. 2006. Dispon\u00edvel em: <http:\/\/www.scielo.br\/pdf\/%0D\/ensaio\/v14n50\/30405.pdf>. Acesso em: 15 ago. 2015."}]}