{"@context":{"skos":"http:\/\/www.w3.org\/2004\/02\/skos\/core#","dct":"http:\/\/purl.org\/dc\/terms\/","uri":"@id","type":"@type","lang":"@language","value":"@value","prefLabel":"skos:prefLabel","inScheme":"skos:inScheme","broader":"skos:broader","narrower":"skos:narrower","related":"skos:related","exactMatch":"skos:exactMatch"},"uri":"https:\/\/vocabularios.educacion.gob.ar\/admin\/brasil\/termino\/81\/share\/skos","type":"skos:Concept","prefLabel":{"lang":"pt","value":"EDUCA\u00c7\u00c3O CONTINUADA"},"inScheme":{"uri":"https:\/\/vocabularios.educacion.gob.ar\/admin\/brasil\/"},"dct:created":{"type":"http:\/\/www.w3.org\/2001\/XMLSchema#dateTime","value":"2011-03-22 15:07:58"},"dct:modified":{"type":"http:\/\/www.w3.org\/2001\/XMLSchema#dateTime","value":"2017-01-10 11:25:10"},"skos:scopeNote":[{"lang":"pt","value":"Compreende a complementa\u00e7\u00e3o e\/ou atualiza\u00e7\u00e3o do ensino-aprendizagem de princ\u00edpios, conhecimentos, valores e atitudes do individuo em espa\u00e7os educacionais formais e informais, visando o aprimoramento pessoal, profissional e social."}],"skos:historyNote":[{"lang":"pt","value":"O termo EDUCA\u00c7\u00c3O CONTINUADA n\u00e3o consta da Lei de Diretrizes e Bases da Educa\u00e7\u00e3o de 1961, mas aparece na Lei n\u00ba 5.379, de 15 de dezembro de 1967, que prov\u00ea sobre a alfabetiza\u00e7\u00e3o funcional e a educa\u00e7\u00e3o continuada a adolescentes e adultos. Nesse sentido, a refer\u00eancia \u00e0 \u00e9poca do termo parecia recobrir o que se conhece hoje pela modalidade de Educa\u00e7\u00e3o de Jovens e Adultos."}],"skos:note":[{"lang":"pt","value":"Defini\u00e7\u00e3o elaborada pela Equipe Cibec com base nas seguintes refer\u00eancias:\n\nBRASIL. Lei n. 9.394, de 20 de dezembro de 1996. Estabelece as diretrizes e bases da educa\u00e7\u00e3o nacional. [Di\u00e1rio Oficial da Rep\u00fablica Federativa do Brasil], Bras\u00edlia, DF, 23 dez. 1996. Dispon\u00edvel em: <http:\/\/www.planalto.gov.br\/ccivil_03\/leis\/l9394.htm>. Acesso em: 7 abr. e 30 nov. 2016.\n\nHADDAD, S\u00e9rgio. A educa\u00e7\u00e3o continuada e as pol\u00edticas p\u00fablicas no Brasil. REVEJ@ - Revista de Educa\u00e7\u00e3o de Jovens e Adultos, v. 1, n. 0, p. 1-113, ago. 2007. Dispon\u00edvel em: <http:\/\/www.oei.es\/noticias\/spip.php?article985>. Acesso em: 7 abr. 2016.\n\nINSTITUTO NACIONAL DE ESTUDOS E PESQUISAS EDUCACIONAIS AN\u00cdSIO TEIXEIRA. Censo da Educa\u00e7\u00e3o Superior: gloss\u00e1rio. 2009. Dispon\u00edvel em: <http:\/\/download.inep.gov.br\/download\/superior\/2009\/censosuperior\/Gloss%C3%A1rio.pdf>. Acesso em: 7 abr. 2016.\n\nMENEZES, Ebenezer Takuno de; SANTOS, Thais Helena dos. Verbete Educa\u00e7\u00e3o Continuada. Dicion\u00e1rio Interativo da Educa\u00e7\u00e3o Brasileira - Educabrasil. S\u00e3o Paulo: Midiamix, 2001. Dispon\u00edvel em: <http:\/\/www.educabrasil.com.br\/educacao-continuada\/>. Acesso em: 7 abr. 2016."},{"lang":"pt","value":"Conforme o gloss\u00e1rio do Censo da Educa\u00e7\u00e3o Superior, publicado pelo Inep em 2009, Educa\u00e7\u00e3o Continuada trata-se de uma modalidade de ensino que oferece aos alunos e egressos do sistema formal de ensino ou aos que est\u00e3o fora dele, a possibilidade de atualiza\u00e7\u00e3o ou reciclagem de conhecimentos anteriormente adquiridos, aquisi\u00e7\u00e3o de conhecimentos novos ou, ainda, uma qualifica\u00e7\u00e3o t\u00e9cnica, profissional, cultural, art\u00edstica etc. Usualmente tem sido ministrada por meio dos cursos de extens\u00e3o e, atualmente, teve ampliadas suas possibilidades de utiliza\u00e7\u00e3o pelos cursos sequenciais. Por essa acep\u00e7\u00e3o, entende-se que a educa\u00e7\u00e3o continuada parece se referir a uma modalidade de ensino mais ampla, que abrangeria outras modalidades, como, por exemplo, a Educa\u00e7\u00e3o de Jovens e Adultos (ver Nota Hist\u00f3rica). Sugestivamente, a composi\u00e7\u00e3o da Secretaria de Educa\u00e7\u00e3o Continuada, Alfabetiza\u00e7\u00e3o de Jovens e Adultos, Diversidade e Inclus\u00e3o (Secadi), do Minist\u00e9rio da Educa\u00e7\u00e3o no ano de 2025, compreende a Diretoria de Pol\u00edticas de Alfabetiza\u00e7\u00e3o e Educa\u00e7\u00e3o de Jovens e Adultos, a Diretoria de Pol\u00edticas de Educa\u00e7\u00e3o Bil\u00edngue de Surdos, a Diretoria de Pol\u00edticas de Educa\u00e7\u00e3o do Campo e Educa\u00e7\u00e3o Ambiental, a Diretoria de Pol\u00edticas de Educa\u00e7\u00e3o Especial na Perspectiva Inclusiva, a Diretoria de Pol\u00edticas de Educa\u00e7\u00e3o \u00c9tnico-Racial e Educa\u00e7\u00e3o Escolar Quilombola e a Diretoria de Pol\u00edticas de Educa\u00e7\u00e3o Escolar Ind\u00edgena."}]}