{"@context":{"skos":"http:\/\/www.w3.org\/2004\/02\/skos\/core#","dct":"http:\/\/purl.org\/dc\/terms\/","uri":"@id","type":"@type","lang":"@language","value":"@value","prefLabel":"skos:prefLabel","inScheme":"skos:inScheme","broader":"skos:broader","narrower":"skos:narrower","related":"skos:related","exactMatch":"skos:exactMatch"},"uri":"https:\/\/vocabularios.educacion.gob.ar\/admin\/brasil\/termino\/78\/share\/skos","type":"skos:Concept","prefLabel":{"lang":"pt","value":"EDUCA\u00c7\u00c3O B\u00c1SICA"},"inScheme":{"uri":"https:\/\/vocabularios.educacion.gob.ar\/admin\/brasil\/"},"dct:created":{"type":"http:\/\/www.w3.org\/2001\/XMLSchema#dateTime","value":"2011-03-22 15:07:58"},"dct:modified":{"type":"http:\/\/www.w3.org\/2001\/XMLSchema#dateTime","value":"2014-10-03 15:40:02"},"skos:scopeNote":[{"lang":"pt","value":"N\u00edvel de ensino que compreende a educa\u00e7\u00e3o infantil, o ensino fundamental e o ensino m\u00e9dio, e tem por finalidades desenvolver o educando, assegurar-lhe a forma\u00e7\u00e3o comum indispens\u00e1vel para o exerc\u00edcio da cidadania e fornecer-lhe meios para progredir no trabalho e em estudos posteriores. Poder\u00e1 organizar-se em s\u00e9ries anuais, per\u00edodos semestrais, ciclos, altern\u00e2ncia regular de per\u00edodos de estudos, grupos n\u00e3o seriados, com base na idade, na compet\u00eancia e em outros crit\u00e9rios, ou por forma diversa de organiza\u00e7\u00e3o, sempre que o interesse do processo de aprendizagem assim o recomendar."}],"skos:note":[{"lang":"pt","value":"Defini\u00e7\u00e3o ajustada pelo Comit\u00ea de Terminologia do Cibec\/Inep com base na seguinte refer\u00eancia:\n\nBRASIL. Lei n. 9.394, de 20 de dezembro de 1996. Estabelece as diretrizes e bases da educa\u00e7\u00e3o nacional. Dispon\u00edvel em: https:\/\/www.planalto.gov.br\/ccivil_03\/Leis\/L9394.htm>. Acesso em: 14 fev. 2014."}]}