{"@context":{"skos":"http:\/\/www.w3.org\/2004\/02\/skos\/core#","dct":"http:\/\/purl.org\/dc\/terms\/","uri":"@id","type":"@type","lang":"@language","value":"@value","prefLabel":"skos:prefLabel","inScheme":"skos:inScheme","broader":"skos:broader","narrower":"skos:narrower","related":"skos:related","exactMatch":"skos:exactMatch"},"uri":"https:\/\/vocabularios.educacion.gob.ar\/admin\/brasil\/termino\/6\/share\/skos","type":"skos:Concept","prefLabel":{"lang":"pt","value":"ALFABETIZA\u00c7\u00c3O"},"inScheme":{"uri":"https:\/\/vocabularios.educacion.gob.ar\/admin\/brasil\/"},"dct:created":{"type":"http:\/\/www.w3.org\/2001\/XMLSchema#dateTime","value":"2011-03-22 15:07:58"},"dct:modified":{"type":"http:\/\/www.w3.org\/2001\/XMLSchema#dateTime","value":"2014-06-11 14:03:15"},"skos:scopeNote":[{"lang":"pt","value":"Processo educacional pelo qual se realiza o ensino-aprendizagem de ler e escrever, promove o acesso do sujeito aos conhecimentos hist\u00f3rica e socialmente produzidos e sua inser\u00e7\u00e3o nos usos sociais da escrita."}],"skos:historyNote":[{"lang":"pt","value":"Embora alfabetizar e letrar sejam consideradas a\u00e7\u00f5es distintas no processo de aquisi\u00e7\u00e3o do c\u00f3digo lingu\u00edstico, do desenvolvimento e dom\u00ednio das habilidades de ler e escrever, \"n\u00e3o basta compreender a alfabetiza\u00e7\u00e3o apenas como a aquisi\u00e7\u00e3o de uma tecnologia. O ato de ensinar a ler e a escrever, mais do que possibilitar o simples dom\u00ednio de uma tecnologia, cria condi\u00e7\u00f5es para a inser\u00e7\u00e3o do sujeito em pr\u00e1ticas sociais de consumo e produ\u00e7\u00e3o de conhecimento e em diferentes inst\u00e2ncias sociais e pol\u00edticas\" (MACIEL; L\u00daCIO, 2009, p.13-16)"}],"skos:note":[{"lang":"pt","value":"Defini\u00e7\u00e3o e nota ajustadas pelo Comit\u00ea de Terminologia do Cibec\/Inep com base nas seguintes refer\u00eancias:\n\nFREIRE, Paulo. Educa\u00e7\u00e3o como pr\u00e1tica da liberdade. 10 ed. Rio de Janeiro: Paz e Terra, 1980.\n\nINSTITUTO NACIONAL DE ESTUDOS E PESQUISAS EDUCACIONAIS AN\u00cdSIO TEIXEIRA. Thesaurus Brasileiro da Educa\u00e7\u00e3o. Dispon\u00edvel em:http:\/\/pergamum.inep.gov.br\/pergamum\/biblioteca\/pesquisa_thesauro.php?resolution2=1024_1>. Acesso em: 24 abr. 2014.\n\nMACIEL, Francisca Izabel Pereira; L\u00daCIO, Iara Silva. Os conceitos de alfabetiza\u00e7\u00e3o e letramento e os desafios da articula\u00e7\u00e3o entre teoria e pr\u00e1tica. In. CASTANHEIRA, Maria L\u00facia; MACIEL, Francisca Izabel Pereira; MARTINS, Raquel M\u00e1rcia Fontes. (Orgs.) Alfabetiza\u00e7\u00e3o e letramento na sala de aula. 2ed. Belo Horizonte: Aut\u00eantica Editora: Ceale, 2009, p.13-16. (Cole\u00e7\u00e3o Alfabetiza\u00e7\u00e3o e Letramento na Sala de Aula).\n\nSOARES, Magda. Letramento: um tema em tr\u00eas g\u00eaneros. Belo Horizonte: Aut\u00eantica, 1998, p.47."}],"related":[{"uri":"https:\/\/vocabularios.educacion.gob.ar\/admin\/brasil\/termino\/195\/share\/jsonld"}],"altLabel":[{"lang":"pt","value=":"Alfabetiza\u00e7\u00e3o Inicial"}]}