{"@context":{"skos":"http:\/\/www.w3.org\/2004\/02\/skos\/core#","dct":"http:\/\/purl.org\/dc\/terms\/","uri":"@id","type":"@type","lang":"@language","value":"@value","prefLabel":"skos:prefLabel","inScheme":"skos:inScheme","broader":"skos:broader","narrower":"skos:narrower","related":"skos:related","exactMatch":"skos:exactMatch"},"uri":"https:\/\/vocabularios.educacion.gob.ar\/admin\/brasil\/termino\/599\/share\/skos","type":"skos:Concept","prefLabel":{"lang":"pt","value":"PR\u00c9-ESCOLA"},"inScheme":{"uri":"https:\/\/vocabularios.educacion.gob.ar\/admin\/brasil\/"},"dct:created":{"type":"http:\/\/www.w3.org\/2001\/XMLSchema#dateTime","value":"2018-08-13 14:34:40"},"dct:modified":{"type":"http:\/\/www.w3.org\/2001\/XMLSchema#dateTime","value":null},"skos:scopeNote":[{"lang":"pt","value":"Estabelecimento educacional p\u00fablico ou privado que educa e cuida de crian\u00e7as de quatro a cinco anos de idade por meio de profissionais com a forma\u00e7\u00e3o espec\u00edfica legalmente determinada, a habilita\u00e7\u00e3o para o magist\u00e9rio superior ou m\u00e9dio, refutando assim fun\u00e7\u00f5es de car\u00e1ter meramente assistencialista, embora mantenha a obriga\u00e7\u00e3o de assistir \u00e0s necessidades b\u00e1sicas de todas as crian\u00e7as."}],"skos:note":[{"lang":"pt","value":"Defini\u00e7\u00e3o ajustada pela Equipe Cibec com base nas seguintes refer\u00eancias:\n\nBRASIL. Lei n. 13.005, de 25 de junho de 2014. Aprova o Plano Nacional de Educa\u00e7\u00e3o - PNE e d\u00e1 outras provid\u00eancias. Dispon\u00edvel em: <http:\/\/www.planalto.gov.br\/CCIVIL_03\/_Ato2011-2014\/2014\/Lei\/L13005.htm>. Acesso em: 26 mar. 2018.\n\n______. Lei n. 9.394, de 20 de dezembro de 1996. Estabelece as diretrizes e bases da educa\u00e7\u00e3o nacional. Dispon\u00edvel em: <http:\/\/www.planalto.gov.br\/ccivil_03\/leis\/l9394.htm>. Acesso em: 26 mar. 2018.\n\n______. Minist\u00e9rio da Educa\u00e7\u00e3o. Secretaria de Educa\u00e7\u00e3o B\u00e1sica. Diretrizes Curriculares Nacionais Gerais da Educa\u00e7\u00e3o B\u00e1sica. Bras\u00edlia: MEC; SEB; DICEI, 2013. Dispon\u00edvel em: <http:\/\/portal.mec.gov.br\/index.php?option=com_docman&view=download&alias=15548-d-c-n-educacao-basica-nova-pdf&category_slug=abril-2014-pdf&Itemid=30192>. Acesso em: 26 mar. 2018."}],"related":[{"uri":"https:\/\/vocabularios.educacion.gob.ar\/admin\/brasil\/termino\/97\/share\/jsonld"},{"uri":"https:\/\/vocabularios.educacion.gob.ar\/admin\/brasil\/termino\/302\/share\/jsonld"}],"altLabel":[{"lang":"pt","value=":"Jardim de Inf\u00e2ncia"}]}