{"@context":{"skos":"http:\/\/www.w3.org\/2004\/02\/skos\/core#","dct":"http:\/\/purl.org\/dc\/terms\/","uri":"@id","type":"@type","lang":"@language","value":"@value","prefLabel":"skos:prefLabel","inScheme":"skos:inScheme","broader":"skos:broader","narrower":"skos:narrower","related":"skos:related","exactMatch":"skos:exactMatch"},"uri":"https:\/\/vocabularios.educacion.gob.ar\/admin\/brasil\/termino\/597\/share\/skos","type":"skos:Concept","prefLabel":{"lang":"pt","value":"F\u00c9RIAS ESCOLARES"},"inScheme":{"uri":"https:\/\/vocabularios.educacion.gob.ar\/admin\/brasil\/"},"dct:created":{"type":"http:\/\/www.w3.org\/2001\/XMLSchema#dateTime","value":"2018-08-13 14:25:28"},"dct:modified":{"type":"http:\/\/www.w3.org\/2001\/XMLSchema#dateTime","value":null},"skos:scopeNote":[{"lang":"pt","value":"Compreende o per\u00edodo do ano ou do semestre em que cessam as atividades escolares, conforme estabelecido no calend\u00e1rio escolar, destinado ao descanso de alunos, professores e demais profissionais da institui\u00e7\u00e3o de ensino."}],"skos:note":[{"lang":"pt","value":"Defini\u00e7\u00e3o ajustada pela Equipe Cibec com base nas seguintes refer\u00eancias:\n\nDUARTE, S\u00e9rgio Guerra. Dicion\u00e1rio Brasileiro de Educa\u00e7\u00e3o. Rio de Janeiro: Edi\u00e7\u00f5es Antares; Nobel, 1986, p.80.\n\nLEAL, \u00c1lida Ang\u00e9lica Alves; TEIXEIRA, In\u00eas Assun\u00e7\u00e3o de Castro. Verbete Calend\u00e1rios Escolares. In. UNIVERSIDADE FEDERAL DE MINAS GERAIS. Gestrado. Dicion\u00e1rio. Dispon\u00edvel em: <http:\/\/www.gestrado.net.br\/?pg=dicionario-verbetes&id=65>. Acesso em: 19 jan. 2018."}]}