{"tema_id":"597","string":"F\u00c9RIAS ESCOLARES","created":"2018-08-13 14:25:28","code":null,"modified":null,"notes":[{"@type":"nota de alcance","@lang":"pt","@value":"Compreende o per\u00edodo do ano ou do semestre em que cessam as atividades escolares, conforme estabelecido no calend\u00e1rio escolar, destinado ao descanso de alunos, professores e demais profissionais da institui\u00e7\u00e3o de ensino."},{"@type":"nota bibliogr\u00e1fica","@lang":"pt","@value":"Defini\u00e7\u00e3o ajustada pela Equipe Cibec com base nas seguintes refer\u00eancias:\n\nDUARTE, S\u00e9rgio Guerra. Dicion\u00e1rio Brasileiro de Educa\u00e7\u00e3o. Rio de Janeiro: Edi\u00e7\u00f5es Antares; Nobel, 1986, p.80.\n\nLEAL, \u00c1lida Ang\u00e9lica Alves; TEIXEIRA, In\u00eas Assun\u00e7\u00e3o de Castro. Verbete Calend\u00e1rios Escolares. In. UNIVERSIDADE FEDERAL DE MINAS GERAIS. Gestrado. Dicion\u00e1rio. Dispon\u00edvel em: <http:\/\/www.gestrado.net.br\/?pg=dicionario-verbetes&id=65>. Acesso em: 19 jan. 2018."}]}