{"tema_id":"575","string":"INSER\u00c7\u00c3O LABORAL","created":"2017-12-07 13:45:26","code":null,"modified":null,"notes":[{"@type":"nota de alcance","@lang":"pt","@value":"Processo de integra\u00e7\u00e3o de pessoas no mundo do trabalho. Refere-se geralmente a jovens, imigrantes ou outros grupos que intencionam entrar no mundo do trabalho. No contexto educacional, refere-se a formandos e egressos de cursos dos diferentes n\u00edveis e modalidades de ensino."},{"@type":"nota bibliogr\u00e1fica","@lang":"pt","@value":"Defini\u00e7\u00e3o elaborada pela Equipe Cibec com base nas seguintes refer\u00eancias:\n\nANDRIOLA, Wagner Bandeira. Estudo de egressos de cursos de gradua\u00e7\u00e3o: subs\u00eddios para a autoavalia\u00e7\u00e3o e o planejamento institucionais. Educar em Revista, Curitiba, n. 54, p. 203-219, out.\/dez. 2014. Dispon\u00edvel em: <http:\/\/revistas.ufpr.br\/educar\/article\/view\/36720\/23918>. Acesso em: 15 mar. 2017.\n\nBRASIL. Lei n. 9.394, de 20 de dezembro de 1996. Estabelece as diretrizes e bases da educa\u00e7\u00e3o nacional. [Di\u00e1rio Oficial da Rep\u00fablica Federativa do Brasil]. Bras\u00edlia, DF, 23 dez. 1996. Dispon\u00edvel em: <http:\/\/www.planalto.gov.br\/ccivil_03\/leis\/l9394.htm>. Acesso em: 2 set. 2016.\n\n______. Minist\u00e9rio da Educa\u00e7\u00e3o. Secretaria de Educa\u00e7\u00e3o Profissional e Tecnol\u00f3gica. Cat\u00e1logo Nacional de Cursos Superiores de Tecnologia. 3ed. Bras\u00edlia: MEC, 2016. Dispon\u00edvel em: <http:\/\/portal.mec.gov.br\/index.php?option=com_docman&view=download&alias=44531-catalago-nacional-cursos-superiores-tecnologia-edicao3-2016-pdf&category_slug=junho-2016-pdf&Itemid=30192>. Acesso em: 16 set. 2016.\n\n______. Secretaria de Educa\u00e7\u00e3o B\u00e1sica. Diretrizes Curriculares Nacionais Gerais da Educa\u00e7\u00e3o B\u00e1sica. Bras\u00edlia: MEC; SEB; DICEI, 2013. Dispon\u00edvel em: <http:\/\/portal.mec.gov.br\/index.php?option=com_docman&view=download&alias=15548-d-c-n-educacao-basica-nova-pdf&category_slug=abril-2014-pdf&Itemid=30192>. Acesso em: 14 mar.2017.\n\nCOELHO, Raquel Nascimento; AQUINO, C\u00e1ssio Adriano Braz de. Inser\u00e7\u00e3o laboral, juventude e precariza\u00e7\u00e3o. Revista Psicologia Pol\u00edtica, S\u00e3o Paulo, v.9, n.18, dez. 2009. Dispon\u00edvel em: <http:\/\/pepsic.bvsalud.org\/scielo.php?script=sci_arttext&pid=S1519-549X2009000200007>. Acesso em: 16 mar. 2017.\n\nFREITAS, Patr\u00edcia Tavares de. Fam\u00edlia e inser\u00e7\u00e3o laboral de jovens migrantes na ind\u00fastria de confec\u00e7\u00e3o. REMHU - Revista Interdisciplinar da Mobilidade Humana, Bras\u00edlia, Ano XXII, n. 42, p. 231-246, jan.\/jun. 2014. Dispon\u00edvel em: <http:\/\/www.scielo.br\/pdf\/remhu\/v22n42\/14.pdf>. Acesso em: 6 nov. 2017.\n\nGUEDES, Moema de Castro. A inser\u00e7\u00e3o dos trabalhadores mais escolarizados no mercado de trabalho brasileiro: uma an\u00e1lise de g\u00eanero. Trabalho, Educa\u00e7\u00e3o e Sa\u00fade, Rio de Janeiro, v.8, n.1, mar.\/jun. 2010. Dispon\u00edvel em: <http:\/\/www.scielo.br\/scielo.php?script=sci_arttext&pid=S1981-77462010000100004&lng=pt&nrm=iso&tlng=pt>. Acesso em: 14 mar. 2017.\n\nSANTOS, Anselmo Luis dos; GIMENEZI, Denis Maracacci. Inser\u00e7\u00e3o dos jovens no mercado de trabalho. Estudos Avan\u00e7ados, S\u00e3o Paulo, v.29, n.85, set.\/dez. 2015. Dispon\u00edvel em: <http:\/\/www.scielo.br\/scielo.php?script=sci_arttext&pid=S0103-40142015000300011>. Acesso em: 14 mar. 2017.\n\nTHOM\u00c9, Luciana Dutra; TELMO, Alice Queiroz; KOLLER, Silvia Helena. Inser\u00e7\u00e3o laboral juvenil: contexto e opini\u00e3o sobre defini\u00e7\u00f5es de trabalho. Paid\u00e9ia, Ribeir\u00e3o Preto, v. 20, n. 46, 175-185, maio-ago. 2010. Dispon\u00edvel em: <https:\/\/www.revistas.usp.br\/paideia\/article\/viewFile\/7232\/8715>. Acesso em: 6 nov. 2017."}]}