{"@context":{"skos":"http:\/\/www.w3.org\/2004\/02\/skos\/core#","dct":"http:\/\/purl.org\/dc\/terms\/","uri":"@id","type":"@type","lang":"@language","value":"@value","prefLabel":"skos:prefLabel","inScheme":"skos:inScheme","broader":"skos:broader","narrower":"skos:narrower","related":"skos:related","exactMatch":"skos:exactMatch"},"uri":"https:\/\/vocabularios.educacion.gob.ar\/admin\/brasil\/termino\/469\/share\/skos","type":"skos:Concept","prefLabel":{"lang":"pt","value":"CONGRESSO"},"inScheme":{"uri":"https:\/\/vocabularios.educacion.gob.ar\/admin\/brasil\/"},"dct:created":{"type":"http:\/\/www.w3.org\/2001\/XMLSchema#dateTime","value":"2016-12-06 16:36:29"},"dct:modified":{"type":"http:\/\/www.w3.org\/2001\/XMLSchema#dateTime","value":null},"skos:scopeNote":[{"lang":"pt","value":"Tipo de evento t\u00e9cnico ou cient\u00edfico caracterizado por reuni\u00e3o formal e peri\u00f3dica de pessoas pertencentes a grupos profissionais com o mesmo interesse, geralmente promovido por entidades associativas, objetivando estudar, debater e chegar a conclus\u00f5es sobre um tema em geral, que \u00e9 exposto em subtemas. Estes s\u00e3o apresentados em outros tipos de eventos, como painel, confer\u00eancia, palestra, debate, mesa-redonda, simp\u00f3sio, mostra, exposi\u00e7\u00e3o e feira. Tem dura\u00e7\u00e3o de mais de um dia, realiza\u00e7\u00e3o anual ou bienal, e abrang\u00eancia regional, nacional ou internacional. As apresenta\u00e7\u00f5es s\u00e3o reunidas em anais, a serem distribu\u00eddos aos participantes, juntamente com as conclus\u00f5es do evento."}],"skos:note":[{"lang":"pt","value":"Defini\u00e7\u00e3o ajustada pela Equipe Cibec com base nas seguintes refer\u00eancias:\n\nBRASIL. C\u00e2mara dos Deputados Federais. Manual de Eventos da C\u00e2mara dos Deputados: um guia para realizadores, gestores de espa\u00e7os e fornecedores de servi\u00e7os. Bras\u00edlia: C\u00e2mara dos Deputados, Edi\u00e7\u00f5es C\u00e2mara, 2013. Dispon\u00edvel em: <http:\/\/bd.camara.gov.br\/bd\/handle\/bdcamara\/12696#>. Acesso em: 7 nov. 2016.\n\n______. Minist\u00e9rio da Educa\u00e7\u00e3o. Secretaria de Educa\u00e7\u00e3o Profissional e Tecnol\u00f3gica. Rede Federal de Educa\u00e7\u00e3o Profissional e Tecnol\u00f3gica. Guia de Eventos, Cerimonial e Protocolo da Rede Federal de Educa\u00e7\u00e3o Profissional e Tecnol\u00f3gica. Bras\u00edlia, setembro 2010. Dispon\u00edvel em: <http:\/\/portal.mec.gov.br\/index.php?option=com_docman&view=download&alias=7348-guiaeventos-cerimonial-redefera&category_slug=janeiro-2011-pdf&Itemid=30192>. Acesso em: 7 nov. 2016.\n\n______. Senado Federal. Secretaria de Comunica\u00e7\u00e3o Social. Coordena\u00e7\u00e3o de Rela\u00e7\u00f5es P\u00fablicas. Manual de Organiza\u00e7\u00e3o de Eventos do Senado Federal. Bras\u00edlia: Senado Federal, 2013. Dispon\u00edvel em: <https:\/\/www12.senado.leg.br\/manualdecomunicacao\/manual-de-eventos>. Acesso em: 4 nov. 2016.\n\nUNIVERSIDADE ESTADUAL DE CAMPINAS. Guia ao Protocolo. Eventos Acad\u00eamicos e Cient\u00edficos. Dispon\u00edvel em: <http:\/\/www.reitoria.unicamp.br\/manualdeeventos\/eventos\/proto-eventos_cientificos.shtml>. Acesso em: 11 jul. 2014."}]}