{"@context":{"skos":"http:\/\/www.w3.org\/2004\/02\/skos\/core#","dct":"http:\/\/purl.org\/dc\/terms\/","uri":"@id","type":"@type","lang":"@language","value":"@value","prefLabel":"skos:prefLabel","inScheme":"skos:inScheme","broader":"skos:broader","narrower":"skos:narrower","related":"skos:related","exactMatch":"skos:exactMatch"},"uri":"https:\/\/vocabularios.educacion.gob.ar\/admin\/brasil\/termino\/43\/share\/skos","type":"skos:Concept","prefLabel":{"lang":"pt","value":"CR\u00c9DITO"},"inScheme":{"uri":"https:\/\/vocabularios.educacion.gob.ar\/admin\/brasil\/"},"dct:created":{"type":"http:\/\/www.w3.org\/2001\/XMLSchema#dateTime","value":"2011-03-22 15:07:58"},"dct:modified":{"type":"http:\/\/www.w3.org\/2001\/XMLSchema#dateTime","value":"2016-08-31 11:25:09"},"skos:scopeNote":[{"lang":"pt","value":"Unidade de medida atribu\u00edda a uma disciplina, a um conjunto de disciplinas e \u00e0s demais atividades exigidas do aluno para integraliza\u00e7\u00e3o curricular de um curso, de acordo com carga hor\u00e1ria correspondente, definida em legisla\u00e7\u00e3o pr\u00f3pria."}],"skos:note":[{"lang":"pt","value":"Defini\u00e7\u00e3o elaborada pela Equipe Cibec com base nas seguintes refer\u00eancias:\n\nCONSELHO NACIONAL DE EDUCA\u00c7\u00c3O (Brasil). C\u00e2mara de Educa\u00e7\u00e3o Superior. Resolu\u00e7\u00e3o n. 2, de 18 de junho de 2007. Disp\u00f5e sobre carga hor\u00e1ria m\u00ednima e procedimentos relativos \u00e0 integraliza\u00e7\u00e3o e dura\u00e7\u00e3o dos cursos de gradua\u00e7\u00e3o, bacharelados, na modalidade presencial. Dispon\u00edvel em: <http:\/\/portal.mec.gov.br\/cne\/arquivos\/pdf\/2007\/rces002_07.pdf>. Acesso em: 30 maio 2016.\n\nIBGE. Gloss\u00e1rio T\u00e9cnico de Termos Estat\u00edstico-Educacionais: documento preliminar n. 1. Rio de Janeiro: IBGE, 1972. Dispon\u00edvel em: <http:\/\/biblioteca.ibge.gov.br\/biblioteca-catalogo.html?view=detalhes&id=214137>. Acesso em: 29 fev. 2016.\n\nUNIVERSIDADE DE BRAS\u00cdLIA. A UnB que voc\u00ea v\u00ea. Guia do calouro 1\u00ba 2015. Decanato de Ensino de Gradua\u00e7\u00e3o; Diretoria T\u00e9cnica de Gradua\u00e7\u00e3o. Bras\u00edlia: Editora UnB, 2014. Dispon\u00edvel em: <http:\/\/www.unb.br\/administracao\/decanatos\/deg\/downloads\/index\/guia_calouro_1_2015.pdf>. Acesso em: 30 maio 2016.\n\nUNIVERSIDADE DE S\u00c3O PAULO. Manual do Calouro. Gloss\u00e1rio acad\u00eamico. Dispon\u00edvel em: <http:\/\/www.scs.usp.br\/manualdocalouro\/?page_id=306>. Acesso em: 7 mar. 2016.\n\nUNIVERSIDADE FEDERAL DE JU\u00cdZ DE FORA. Manual do Calouro. Gloss\u00e1rio acad\u00eamico. 2016. Dispon\u00edvel em: http:\/\/www.ufjf.br\/manualdocalouro\/glossarioacademico\/>. Acesso em: 7 mar. 2016.\n\nUNIVERSIDADE FEDERAL DO ESTADO DO RIO DE JANEIRO. Orienta\u00e7\u00f5es aos Alunos. Orienta\u00e7\u00e3o discente. Dispon\u00edvel em: <http:\/\/www2.unirio.br\/unirio\/prograd\/procedimentos-academicos\/orientacao-discente>. Acesso em: 7 mar. 2016."}],"related":[{"uri":"https:\/\/vocabularios.educacion.gob.ar\/admin\/brasil\/termino\/4\/share\/jsonld"},{"uri":"https:\/\/vocabularios.educacion.gob.ar\/admin\/brasil\/termino\/51\/share\/jsonld"},{"uri":"https:\/\/vocabularios.educacion.gob.ar\/admin\/brasil\/termino\/15\/share\/jsonld"},{"uri":"https:\/\/vocabularios.educacion.gob.ar\/admin\/brasil\/termino\/16\/share\/jsonld"},{"uri":"https:\/\/vocabularios.educacion.gob.ar\/admin\/brasil\/termino\/226\/share\/jsonld"},{"uri":"https:\/\/vocabularios.educacion.gob.ar\/admin\/brasil\/termino\/169\/share\/jsonld"}]}