{"tema_id":"420","string":"AVALIA\u00c7\u00c3O DE COMPET\u00caNCIAS","created":"2016-09-16 16:50:31","code":null,"modified":null,"notes":[{"@type":"nota de alcance","@lang":"pt","@value":"Processo de aferi\u00e7\u00e3o do desempenho educacional e\/ou profissional de um sujeito a partir de sua capacidade para mobilizar recursos, formal ou informalmente constru\u00eddos. Tem o prop\u00f3sito de promover o aperfei\u00e7oamento individual e\/ou a certifica\u00e7\u00e3o em atividades concretas espec\u00edficas."},{"@type":"nota bibliogr\u00e1fica","@lang":"pt","@value":"Defini\u00e7\u00e3o elaborada pela Equipe Cibec com base nas seguintes refer\u00eancias:\n\nBRASIL. Minist\u00e9rio da Educa\u00e7\u00e3o. Encceja. Dispon\u00edvel em: <http:\/\/portal.mec.gov.br\/encceja>. Acesso em: 22 jun. 2016.\n\nDEPRESBITERIS, L\u00e9a. Avaliando compet\u00eancias na escola de alguns ou na escola de todos? Boletim T\u00e9cnico do Senac, S\u00e3o Paulo, v. 27, n. 3, set.\/dez. 2001. Dispon\u00edvel em: <http:\/\/www.senac.br\/BTS\/273\/boltec273d.htm>. Acesso em: 22 jun. 2016.\n\nINSTITUTO NACIONAL DE ESTUDOS E PESQUISAS EDUCACIONAIS AN\u00cdSIO TEIXEIRA. Exame Nacional para Certifica\u00e7\u00e3o de Compet\u00eancias de Jovens e Adultos \u2013 ENCCEJA. Livro introdut\u00f3rio: Documento b\u00e1sico: ensino fundamental e m\u00e9dio. Coordena\u00e7\u00e3o: MURRIE, Zuleika de Felice. Bras\u00edlia: MEC\/INEP, 2002. Dispon\u00edvel em: <http:\/\/download.inep.gov.br\/educacao_basica\/encceja\/material_estudo\/livro_introdutorio\/introdutorio_completo.pdf>. Acesso em: 22 jun. 2016.\n\nORGANIZA\u00c7\u00c3O INTERNACIONAL DO TRABALHO. Certifica\u00e7\u00e3o de compet\u00eancias profissionais: gloss\u00e1rio de termos t\u00e9cnicos. 1 ed. Bras\u00edlia: OIT, 2002. Dispon\u00edvel em: <http:\/\/www.oit.org.br\/sites\/default\/files\/topic\/certification\/pub\/certificacao_glossario_203.pdf>. Acesso em: 22 jun. 2016.\n\nSERVI\u00c7O NACIONAL DE APRENDIZAGEM INDUSTRIAL. Departamento Nacional. Desafios e sugest\u00f5es para avalia\u00e7\u00e3o de pessoas com defici\u00eancia nos cursos de educa\u00e7\u00e3o profissional do SENAI. Bras\u00edlia: SENAI\/DN, 2012. Dispon\u00edvel em: <http:\/\/www.senaigo.com.br\/repositoriosites\/repositorio\/senai\/editor\/Image\/psai\/desafios2012.pdf>. Acesso em: 22 jun. 2016."}]}