{"@context":{"skos":"http:\/\/www.w3.org\/2004\/02\/skos\/core#","dct":"http:\/\/purl.org\/dc\/terms\/","uri":"@id","type":"@type","lang":"@language","value":"@value","prefLabel":"skos:prefLabel","inScheme":"skos:inScheme","broader":"skos:broader","narrower":"skos:narrower","related":"skos:related","exactMatch":"skos:exactMatch"},"uri":"https:\/\/vocabularios.educacion.gob.ar\/admin\/brasil\/termino\/359\/share\/skos","type":"skos:Concept","prefLabel":{"lang":"pt","value":"MEDIA\u00c7\u00c3O ESCOLAR"},"inScheme":{"uri":"https:\/\/vocabularios.educacion.gob.ar\/admin\/brasil\/"},"dct:created":{"type":"http:\/\/www.w3.org\/2001\/XMLSchema#dateTime","value":"2016-04-08 13:26:29"},"dct:modified":{"type":"http:\/\/www.w3.org\/2001\/XMLSchema#dateTime","value":null},"skos:scopeNote":[{"lang":"pt","value":"Forma de mediar rela\u00e7\u00f5es interpessoais e entre grupos da comunidade escolar, por meio de pr\u00e1ticas colaborativas, a fim de prevenir e resolver situa\u00e7\u00f5es conflitivas, estabelecer o conv\u00edvio das diversidades e desenvolver a cultura de paz na escola."}],"skos:note":[{"lang":"pt","value":"Defini\u00e7\u00e3o elaborada pelo Comit\u00ea de Terminologia do Cibec\/Inep com base nas seguintes refer\u00eancias:\n\nCHRISPINO, \u00c1lvaro; CHRISPINO, Raquel S. P. Pol\u00edticas educacionais de redu\u00e7\u00e3o da viol\u00eancia: media\u00e7\u00e3o do conflito escolar. S\u00e3o Paulo: Biruta, 2002.\n\nPROJETO ESCOLA DE MEDIADORES. Cartilha de mediadores: como montar esse projeto na minha escola? Rio de Janeiro, 2002. Dispon\u00edvel em: <http:\/\/www.mpdft.mp.br\/pdf\/cartilhas\/cartilha_proj_esc_azul.pdf>. Acesso em: 29 ago. 2014.\n\nS\u00c3O PAULO (Estado). Secretaria de Estado da Educa\u00e7\u00e3o. Resolu\u00e7\u00e3o SE n. 19, de 12 de fevereiro de 2010. Institui o Sistema de Prote\u00e7\u00e3o Escolar na Rede Estadual de Ensino de S\u00e3o Paulo e d\u00e1 provid\u00eancias correlatas. Dispon\u00edvel em: <http:\/\/siau.edunet.sp.gov.br\/ItemLise\/arquivos\/19_10.HTM?Time=26\/07\/2014%2007:37:01>. Acesso em: 12 ago. 2014.\n\nSILVA, Ana Maria Costa e. Media\u00e7\u00e3o e(m) educa\u00e7\u00e3o: discursos e pr\u00e1ticas. Revista Intersaberes, Curitiba, ano 6, n. 12, p.249-265, jul.\/dez. 2011. Dispon\u00edvel em: <http:\/\/www.uninter.com\/intersaberes\/index.php\/revista\/article\/view\/41\/25>. Acesso em: 27 ago. 2014."}]}