{"@context":{"skos":"http:\/\/www.w3.org\/2004\/02\/skos\/core#","dct":"http:\/\/purl.org\/dc\/terms\/","uri":"@id","type":"@type","lang":"@language","value":"@value","prefLabel":"skos:prefLabel","inScheme":"skos:inScheme","broader":"skos:broader","narrower":"skos:narrower","related":"skos:related","exactMatch":"skos:exactMatch"},"uri":"https:\/\/vocabularios.educacion.gob.ar\/admin\/brasil\/termino\/332\/share\/skos","type":"skos:Concept","prefLabel":{"lang":"pt","value":"INSTITUI\u00c7\u00c3O  ACREDITADORA"},"inScheme":{"uri":"https:\/\/vocabularios.educacion.gob.ar\/admin\/brasil\/"},"dct:created":{"type":"http:\/\/www.w3.org\/2001\/XMLSchema#dateTime","value":"2015-03-26 16:34:05"},"dct:modified":{"type":"http:\/\/www.w3.org\/2001\/XMLSchema#dateTime","value":null},"skos:scopeNote":[{"lang":"pt","value":"Ag\u00eancia, entidade ou \u00f3rg\u00e3o com reconhecida compet\u00eancia t\u00e9cnica e legal para realizar processo de acredita\u00e7\u00e3o da qualidade da educa\u00e7\u00e3o, em \u00e2mbito nacional, regional ou internacional, mediante avalia\u00e7\u00e3o de cursos, programas ou estabelecimentos de ensino."}],"skos:note":[{"lang":"pt","value":"Defini\u00e7\u00e3o elaborada pelo Comit\u00ea de Terminologia do Cibec\/Inep com base nas seguintes refer\u00eancias:\n\nAG\u00caNCIAS NACIONAIS DE ACREDITA\u00c7\u00c3O. Acredita\u00e7\u00e3o Regional de Cursos Universit\u00e1rios do Mercosul. Dispon\u00edvel em: http:\/\/arcusul.mec.gov.br\/index.php\/pt-br\/acordo-de-criacao> e http:\/\/arcusul.mec.gov.br\/index.php\/pt-br\/brasil>. Acesso em: 24 nov. 2014.\n\nBARREYRO, Gladys Beatriz; LAGORIA, Silvana Lorena. Acredita\u00e7\u00e3o da Educa\u00e7\u00e3o Superior na Am\u00e9rica Latina: os casos da Argentina e do Brasil no contexto do Mercosul. Cadernos PROLAM\/USP, S\u00e3o Paulo, ano 9, v. 1, p.7-27, 2010. Dispon\u00edvel em: <http:\/\/www.revistas.usp.br\/prolam\/article\/view\/82391\/85367>. Acesso em: 24 nov. 2014.\n\nBRASIL. Lei n. 11.892, de 29 de dezembro de 2008. Institui a Rede Federal de Educa\u00e7\u00e3o Profissional e Tecnol\u00f3gica, cria os Institutos Federais de Educa\u00e7\u00e3o, Ci\u00eancia e Tecnologia, e d\u00e1 outras provid\u00eancias. [Di\u00e1rio Oficial da Rep\u00fablica Federativa do Brasil], Bras\u00edlia, DF, 30 dez. 2008. Dispon\u00edvel em: [<http:\/\/www.planalto.gov.br\/ccivil_03\/_Ato2007-2010\/2008\/Lei\/L11892.htm](http:\/\/www.planalto.gov.br\/ccivil_03\/_Ato2007-2010\/2008\/Lei\/L11892.htm)>. Acesso em: 24 nov. 2014.\n\nRED IBEROAMERICANA PARA LA ACREDITACI\u00d3N DE LA CALIDAD DE LA EDUCACI\u00d3N SUPERIOR (RIACES). Dispon\u00edvel em: http:\/\/www.iesalc.unesco.org.ve\/index.php?option=com_fabrik&view=details&formid=1&rowid=19&lang=pt>. Acesso em: 26 nov. 2014."}]}