{"@context":{"skos":"http:\/\/www.w3.org\/2004\/02\/skos\/core#","dct":"http:\/\/purl.org\/dc\/terms\/","uri":"@id","type":"@type","lang":"@language","value":"@value","prefLabel":"skos:prefLabel","inScheme":"skos:inScheme","broader":"skos:broader","narrower":"skos:narrower","related":"skos:related","exactMatch":"skos:exactMatch"},"uri":"https:\/\/vocabularios.educacion.gob.ar\/admin\/brasil\/termino\/327\/share\/skos","type":"skos:Concept","prefLabel":{"lang":"pt","value":"COMUNIDADE EDUCACIONAL"},"inScheme":{"uri":"https:\/\/vocabularios.educacion.gob.ar\/admin\/brasil\/"},"dct:created":{"type":"http:\/\/www.w3.org\/2001\/XMLSchema#dateTime","value":"2015-03-26 15:54:09"},"dct:modified":{"type":"http:\/\/www.w3.org\/2001\/XMLSchema#dateTime","value":null},"skos:scopeNote":[{"lang":"pt","value":"Compreende a comunidade escolar ou acad\u00eamica, a comunidade local, entidades e organiza\u00e7\u00f5es da sociedade civil; e \u00e9 constitu\u00edda por gestores, professores, t\u00e9cnicos e demais funcion\u00e1rios, representa\u00e7\u00e3o estudantil e da fam\u00edlia, que atuam no processo educacional desenvolvido em espa\u00e7os formais e n\u00e3o formais de ensino-aprendizagem."}],"skos:note":[{"lang":"pt","value":"Defini\u00e7\u00e3o ajustada pelo Comit\u00ea de Terminologia do Cibec\/Inep com base nas seguintes refer\u00eancias:\n\nBRASIL. Minist\u00e9rio da Educa\u00e7\u00e3o. Secretaria de Educa\u00e7\u00e3o B\u00e1sica. Diretrizes Curriculares Nacionais Gerais da Educa\u00e7\u00e3o B\u00e1sica. Bras\u00edlia: MEC; SEB; DICEI, 2013. Dispon\u00edvel em: http:\/\/portal.mec.gov.br\/index.php?option=com_content&view=article&id=293&Itemid=810>. Acesso em: 29 out. 2014.\n\nGOHN, Maria da Gl\u00f3ria Marcondes. A educa\u00e7\u00e3o n\u00e3o-formal e a rela\u00e7\u00e3o escola-comunidade. ECCOS \u2013 Rev. Cient. UNINOVE, S\u00e3o Paulo, v. 6, n. 2, p. 39. Dispon\u00edvel em: http:\/\/www.uninove.br\/PDFs\/Publicacoes\/eccos\/eccos_v6n2\/eccosv6n2_mariagloriagohn.pdf>. Acesso em: 30 out.2014.\n\nJACOBI, Pedro Roberto; TRIST\u00c3O, Martha; FRANCO, Maria Isabel Gon\u00e7alves Correa. A fun\u00e7\u00e3o social da educa\u00e7\u00e3o ambiental nas pr\u00e1ticas colaborativas: participa\u00e7\u00e3o e engajamento. Cadernos Cedes, Campinas, v. 29, n. 77, p. 63-79, jan.\/abr. 2009. Dispon\u00edvel em: http:\/\/www.scielo.br\/pdf\/ccedes\/v29n77\/a05v2977.pdf>. Acesso em: 30 out. 2014."}]}