{"@context":{"skos":"http:\/\/www.w3.org\/2004\/02\/skos\/core#","dct":"http:\/\/purl.org\/dc\/terms\/","uri":"@id","type":"@type","lang":"@language","value":"@value","prefLabel":"skos:prefLabel","inScheme":"skos:inScheme","broader":"skos:broader","narrower":"skos:narrower","related":"skos:related","exactMatch":"skos:exactMatch"},"uri":"https:\/\/vocabularios.educacion.gob.ar\/admin\/brasil\/termino\/324\/share\/skos","type":"skos:Concept","prefLabel":{"lang":"pt","value":"EDUCA\u00c7\u00c3O SUPERIOR"},"inScheme":{"uri":"https:\/\/vocabularios.educacion.gob.ar\/admin\/brasil\/"},"dct:created":{"type":"http:\/\/www.w3.org\/2001\/XMLSchema#dateTime","value":"2015-02-09 12:22:07"},"dct:modified":{"type":"http:\/\/www.w3.org\/2001\/XMLSchema#dateTime","value":"2015-02-09 12:24:13"},"skos:scopeNote":[{"lang":"pt","value":"Defini\u00e7\u00e3o 1: N\u00edvel de ensino que abrange cursos sequenciais por campo de saber, de gradua\u00e7\u00e3o, de p\u00f3s-gradua\u00e7\u00e3o - mestrado, doutorado, especializa\u00e7\u00e3o e aperfei\u00e7oamento -, e de extens\u00e3o. Tem por finalidade: estimular a cria\u00e7\u00e3o cultural e o desenvolvimento do esp\u00edrito cient\u00edfico e do pensamento reflexivo; formar diplomados nas diferentes \u00e1reas de conhecimento, aptos para a inser\u00e7\u00e3o em setores profissionais e para a participa\u00e7\u00e3o no desenvolvimento da sociedade brasileira, e colaborar na sua forma\u00e7\u00e3o cont\u00ednua; incentivar o trabalho de pesquisa e investiga\u00e7\u00e3o cient\u00edfica, visando o desenvolvimento da ci\u00eancia e da tecnologia e da cria\u00e7\u00e3o e difus\u00e3o da cultura, e, desse modo, desenvolver o entendimento do homem e do meio em que vive; promover a divulga\u00e7\u00e3o de conhecimentos culturais, cient\u00edficos e t\u00e9cnicos que constituem patrim\u00f4nio da humanidade e comunicar o saber atrav\u00e9s do ensino, de publica\u00e7\u00f5es ou de outras formas de comunica\u00e7\u00e3o; suscitar o desejo permanente de aperfei\u00e7oamento cultural e profissional e possibilitar a correspondente concretiza\u00e7\u00e3o, integrando os conhecimentos que v\u00e3o sendo adquiridos numa estrutura intelectual sistematizadora do conhecimento de cada gera\u00e7\u00e3o; estimular o conhecimento dos problemas do mundo presente, em particular os nacionais e regionais, prestar servi\u00e7os especializados \u00e0 comunidade e estabelecer com esta uma rela\u00e7\u00e3o de reciprocidade; promover a extens\u00e3o, aberta \u00e0 participa\u00e7\u00e3o da popula\u00e7\u00e3o, visando \u00e0 difus\u00e3o das conquistas e benef\u00edcios resultantes da cria\u00e7\u00e3o cultural e da pesquisa cient\u00edfica e tecnol\u00f3gica geradas na institui\u00e7\u00e3o; atuar em favor da universaliza\u00e7\u00e3o e do aprimoramento da educa\u00e7\u00e3o b\u00e1sica, mediante a forma\u00e7\u00e3o e a capacita\u00e7\u00e3o de profissionais, a realiza\u00e7\u00e3o de pesquisas pedag\u00f3gicas e o desenvolvimento de atividades de extens\u00e3o que aproximem os dois n\u00edveis escolares.\n\nDefini\u00e7\u00e3o 2: Corresponde ao ensino de terceiro n\u00edvel de educa\u00e7\u00e3o, posterior \u00e0 educa\u00e7\u00e3o b\u00e1sica, podendo ser universit\u00e1ria ou n\u00e3o universit\u00e1ria. Tem por finalidade proporcionar forma\u00e7\u00e3o cient\u00edfica, profissional e\/ou acad\u00eamica."}],"skos:note":[{"lang":"pt","value":"Defini\u00e7\u00e3o 1 ajustada pela Equipe Cibec com base na seguinte refer\u00eancia:\n\nBRASIL. Lei n. 9.394, de 20 de dezembro de 1996. Estabelece as diretrizes e bases da educa\u00e7\u00e3o nacional. <http:\/\/www.planalto.gov.br\/ccivil_03\/leis\/l9394.htm>. Acesso em: 15 fev. 2016.\n\nRefer\u00eancia da defini\u00e7\u00e3o 2:Termo normalizado para GGP Indicadores."}],"related":[{"uri":"https:\/\/vocabularios.educacion.gob.ar\/admin\/brasil\/termino\/325\/share\/jsonld"}],"altLabel":[{"lang":"pt","value=":"Ensino Superior"}]}