{"@context":{"skos":"http:\/\/www.w3.org\/2004\/02\/skos\/core#","dct":"http:\/\/purl.org\/dc\/terms\/","uri":"@id","type":"@type","lang":"@language","value":"@value","prefLabel":"skos:prefLabel","inScheme":"skos:inScheme","broader":"skos:broader","narrower":"skos:narrower","related":"skos:related","exactMatch":"skos:exactMatch"},"uri":"https:\/\/vocabularios.educacion.gob.ar\/admin\/brasil\/termino\/305\/share\/skos","type":"skos:Concept","prefLabel":{"lang":"pt","value":"EIXO TRANSVERSAL"},"inScheme":{"uri":"https:\/\/vocabularios.educacion.gob.ar\/admin\/brasil\/"},"dct:created":{"type":"http:\/\/www.w3.org\/2001\/XMLSchema#dateTime","value":"2014-06-13 11:28:03"},"dct:modified":{"type":"http:\/\/www.w3.org\/2001\/XMLSchema#dateTime","value":null},"skos:scopeNote":[{"lang":"pt","value":"Tema de car\u00e1ter transversal, presente no curr\u00edculo escolar, em \u00e1reas do conhecimento ou disciplinas j\u00e1 existentes, organizando o trabalho did\u00e1tico com a finalidade de constru\u00e7\u00e3o da cidadania e da democracia acerca de quest\u00f5es de urg\u00eancia social, e visando a aprendizagem e a reflex\u00e3o dos alunos."}],"skos:note":[{"lang":"pt","value":"Defini\u00e7\u00e3o ajustada pelo Comit\u00ea de Terminologia do Cibec\/Inep com base nas seguintes refer\u00eancias:\n\nBRASIL. Minist\u00e9rio da Educa\u00e7\u00e3o. Secretaria de Educa\u00e7\u00e3o Fundamental. Par\u00e2metros Curriculares Nacionais - PCN: apresenta\u00e7\u00e3o dos temas transversais, \u00e9tica. Bras\u00edlia: MEC;SEF, 1997.\n\nSECRETARIA DA EDUCA\u00c7\u00c3O DO RIO GRANDE DO SUL. Proposta pedag\u00f3gica para o Ensino M\u00e9dio Polit\u00e9cnico e Educa\u00e7\u00e3o Profissional Integrada ao Ensino M\u00e9dio 2011-2014. Rio Grande do Sul, outubro\/novembro 2011. Dispon\u00edvel em: <http:\/\/www.educacao.rs.gov.br\/dados\/ens_med_proposta.pdf>. Acesso em: 12 maio 2014."}]}