{"tema_id":"304","string":"REFLEX\u00c3O-A\u00c7\u00c3O","created":"2014-06-12 10:45:29","code":null,"modified":null,"notes":[{"@type":"nota de alcance","@lang":"pt","@value":"Processo de ensino-aprendizagem em que a reflex\u00e3o e a a\u00e7\u00e3o s\u00e3o concebidas como indissoci\u00e1veis da pr\u00e1tica pedag\u00f3gica, sup\u00f5e a rela\u00e7\u00e3o participativa e dial\u00f3gica entre educadores e educandos, e visa \u00e0 conscientiza\u00e7\u00e3o dos sujeitos e \u00e0 transforma\u00e7\u00e3o da realidade."},{"@type":"nota bibliogr\u00e1fica","@lang":"pt","@value":"Defini\u00e7\u00e3o ajustada pelo Comit\u00ea de Terminologia do Cibec\/Inep com base nas seguintes refer\u00eancias:\n\nFREIRE, Paulo. Pedagogia do oprimido. Rio de Janeiro: Paz e Terra, 2005.\n\n______. Educa\u00e7\u00e3o como pr\u00e1tica da liberdade. 10 ed. Rio de Janeiro: Paz e Terra, 1980.\n\n______. Papel da educa\u00e7\u00e3o na humaniza\u00e7\u00e3o. Revista da FAEEBA, Salvador, n. 7, jan.\/jun. 1997. Dispon\u00edvel em: <http:\/\/www.uneb.br\/revistadafaeeba\/files\/2011\/05\/numero7.pdf>. Acesso em: 15 dez. 2015.\n\nPROJETO MEM\u00d3RIA PAULO FREIRE 2005. Gloss\u00e1rio. Dispon\u00edvel em: <http:\/\/www.projetomemoria.art.br\/PauloFreire\/glossario\/index.jsp>. Acesso em: 2 abr. 2014."}]}