{"@context":{"skos":"http:\/\/www.w3.org\/2004\/02\/skos\/core#","dct":"http:\/\/purl.org\/dc\/terms\/","uri":"@id","type":"@type","lang":"@language","value":"@value","prefLabel":"skos:prefLabel","inScheme":"skos:inScheme","broader":"skos:broader","narrower":"skos:narrower","related":"skos:related","exactMatch":"skos:exactMatch"},"uri":"https:\/\/vocabularios.educacion.gob.ar\/admin\/brasil\/termino\/302\/share\/skos","type":"skos:Concept","prefLabel":{"lang":"pt","value":"PRIMEIRA INF\u00c2NCIA"},"inScheme":{"uri":"https:\/\/vocabularios.educacion.gob.ar\/admin\/brasil\/"},"dct:created":{"type":"http:\/\/www.w3.org\/2001\/XMLSchema#dateTime","value":"2014-06-11 18:43:54"},"dct:modified":{"type":"http:\/\/www.w3.org\/2001\/XMLSchema#dateTime","value":"2014-06-11 18:44:10"},"skos:scopeNote":[{"lang":"pt","value":"Compreende a fase do nascimento at\u00e9 os seis anos de idade, constituindo o principal per\u00edodo de desenvolvimento f\u00edsico, cognitivo, social e emocional da crian\u00e7a, e base para todas as aprendizagens humanas."}],"skos:note":[{"lang":"pt","value":"Defini\u00e7\u00e3o ajustada pelo Comit\u00ea de Terminologia do Cibec\/Inep com base nas seguintes refer\u00eancias:\n\nBRASIL. Secretaria de Assuntos Estrat\u00e9gicos da Presid\u00eancia da Rep\u00fablica. Pol\u00edticas p\u00fablicas para primeira inf\u00e2ncia. Dispon\u00edvel em: http:\/\/www.sae.gov.br\/primeirainfancia\/#a>. Acesso em: 7 abr. 2014.\n\nINSTITUTO CAMARGO CORREA. Primeira inf\u00e2ncia. Dispon\u00edvel em:http:\/\/www.institutocamargocorrea.org.br\/infancia\/Paginas\/infancia.aspx>. Acesso em:14 fev. 2012 e 7 maio 2014.\n\nREDE NACIONAL DA PRIMEIRA INF\u00c2NCIA. Plano Nacional Primeira Inf\u00e2ncia. Vers\u00e3o resumida. Proposta elaborada pela Rede Nacional da Primeira Inf\u00e2ncia. Bras\u00edlia, dezembro de 2010. In. MOVIMENTO INTERERF\u00d3RUNS DE EDUCA\u00c7\u00c3O INFANTIL DO BRASIL. Dispon\u00edvel em: http:\/\/www.mieib.org.br\/pagina.php?menu=biblioteca&codigo=57>. Acesso em: 7 maio 2014."}],"related":[{"uri":"https:\/\/vocabularios.educacion.gob.ar\/admin\/brasil\/termino\/595\/share\/jsonld"},{"uri":"https:\/\/vocabularios.educacion.gob.ar\/admin\/brasil\/termino\/97\/share\/jsonld"},{"uri":"https:\/\/vocabularios.educacion.gob.ar\/admin\/brasil\/termino\/599\/share\/jsonld"}]}