{"@context":{"skos":"http:\/\/www.w3.org\/2004\/02\/skos\/core#","dct":"http:\/\/purl.org\/dc\/terms\/","uri":"@id","type":"@type","lang":"@language","value":"@value","prefLabel":"skos:prefLabel","inScheme":"skos:inScheme","broader":"skos:broader","narrower":"skos:narrower","related":"skos:related","exactMatch":"skos:exactMatch"},"uri":"https:\/\/vocabularios.educacion.gob.ar\/admin\/brasil\/termino\/298\/share\/skos","type":"skos:Concept","prefLabel":{"lang":"pt","value":"PALAVRA GERADORA"},"inScheme":{"uri":"https:\/\/vocabularios.educacion.gob.ar\/admin\/brasil\/"},"dct:created":{"type":"http:\/\/www.w3.org\/2001\/XMLSchema#dateTime","value":"2014-06-11 18:22:38"},"dct:modified":{"type":"http:\/\/www.w3.org\/2001\/XMLSchema#dateTime","value":null},"skos:scopeNote":[{"lang":"pt","value":"Voc\u00e1bulo do universo lingu\u00edstico-cultural do educando em processo de alfabetiza\u00e7\u00e3o, a partir do qual se formam outras palavras, a fim de desenvolver o ensino-aprendizagem da leitura e da escrita, e a consci\u00eancia pol\u00edtica, na perspectiva dial\u00f3gica e problematizadora."}],"skos:note":[{"lang":"pt","value":"Defini\u00e7\u00e3o ajustada pelo Comit\u00ea de Terminologia do Cibec\/Inep com base nas seguintes refer\u00eancias:\n\nFREIRE, Paulo. Pedagogia do oprimido. Rio de Janeiro: Paz e Terra, 2005, p. 100-119.\n\n______. Educa\u00e7\u00e3o como pr\u00e1tica da liberdade. 10 ed. Rio de Janeiro: Paz e Terra, 1980, p.111-112."}]}