{"tema_id":"298","string":"PALAVRA GERADORA","created":"2014-06-11 18:22:38","code":null,"modified":null,"notes":[{"@type":"nota de alcance","@lang":"pt","@value":"Voc\u00e1bulo do universo lingu\u00edstico-cultural do educando em processo de alfabetiza\u00e7\u00e3o, a partir do qual se formam outras palavras, a fim de desenvolver o ensino-aprendizagem da leitura e da escrita, e a consci\u00eancia pol\u00edtica, na perspectiva dial\u00f3gica e problematizadora."},{"@type":"nota bibliogr\u00e1fica","@lang":"pt","@value":"Defini\u00e7\u00e3o ajustada pelo Comit\u00ea de Terminologia do Cibec\/Inep com base nas seguintes refer\u00eancias:\n\nFREIRE, Paulo. Pedagogia do oprimido. Rio de Janeiro: Paz e Terra, 2005, p. 100-119.\n\n______. Educa\u00e7\u00e3o como pr\u00e1tica da liberdade. 10 ed. Rio de Janeiro: Paz e Terra, 1980, p.111-112."}]}