{"@context":{"skos":"http:\/\/www.w3.org\/2004\/02\/skos\/core#","dct":"http:\/\/purl.org\/dc\/terms\/","uri":"@id","type":"@type","lang":"@language","value":"@value","prefLabel":"skos:prefLabel","inScheme":"skos:inScheme","broader":"skos:broader","narrower":"skos:narrower","related":"skos:related","exactMatch":"skos:exactMatch"},"uri":"https:\/\/vocabularios.educacion.gob.ar\/admin\/brasil\/termino\/297\/share\/skos","type":"skos:Concept","prefLabel":{"lang":"pt","value":"PESQUISA-A\u00c7\u00c3O"},"inScheme":{"uri":"https:\/\/vocabularios.educacion.gob.ar\/admin\/brasil\/"},"dct:created":{"type":"http:\/\/www.w3.org\/2001\/XMLSchema#dateTime","value":"2014-06-11 18:15:58"},"dct:modified":{"type":"http:\/\/www.w3.org\/2001\/XMLSchema#dateTime","value":null},"skos:scopeNote":[{"lang":"pt","value":"Concep\u00e7\u00e3o de pesquisa que articula teoria e pr\u00e1tica, reflex\u00e3o e a\u00e7\u00e3o na constru\u00e7\u00e3o do conhecimento, e pressup\u00f5e intera\u00e7\u00e3o efetiva entre pesquisadores e participantes, considerados sujeitos ativos no processo de an\u00e1lise, compreens\u00e3o e interven\u00e7\u00e3o na realidade estudada."}],"skos:note":[{"lang":"pt","value":"Defini\u00e7\u00e3o elaborada pelo Comit\u00ea de Terminologia do Cibec\/Inep com base nas seguintes refer\u00eancias:\n\nBARBIER, Ren\u00e9. Pesquisa-a\u00e7\u00e3o na institui\u00e7\u00e3o educativa. Trad. Estela dos Santos Abreu com a colabora\u00e7\u00e3o de Maria Wanda Maul de Andrade. Rio de Janeiro: Jorge Zahar Ed., 1985.\n\nMIRANDA, Mar\u00edlia Gouveia; RESENDE, Anita C. Azevedo. Sobre a pesquisa-a\u00e7\u00e3o na educa\u00e7\u00e3o e as armadilhas do praticismo. Revista Brasileira de Educa\u00e7\u00e3o, Rio de Janeiro, v. 11, n. 33, set.\/dez. 2006. Dispon\u00edvel em: http:\/\/www.scielo.br\/pdf\/rbedu\/v11n33\/a11v1133.pdf>. Acesso em: 13 maio 2014.\n\nTHIOLLENT, Michel. Metodologia da pesquisa-a\u00e7\u00e3o. 10ed. S\u00e3o Paulo: Cortez: Autores Associados, 2000.\n\nTRIPP, David. Pesquisa-a\u00e7\u00e3o: uma introdu\u00e7\u00e3o metodol\u00f3gica. Educa\u00e7\u00e3o e Pesquisa, S\u00e3o Paulo, v.31, n. 3, p. 443-466, set.\/dez. 2005. Dispon\u00edvel em: http:\/\/www.scielo.br\/pdf\/ep\/v31n3\/a09v31n3.pdf>. Acesso em: 13 maio 2014."}],"related":[{"uri":"https:\/\/vocabularios.educacion.gob.ar\/admin\/brasil\/termino\/304\/share\/jsonld"}]}