{"@context":{"skos":"http:\/\/www.w3.org\/2004\/02\/skos\/core#","dct":"http:\/\/purl.org\/dc\/terms\/","uri":"@id","type":"@type","lang":"@language","value":"@value","prefLabel":"skos:prefLabel","inScheme":"skos:inScheme","broader":"skos:broader","narrower":"skos:narrower","related":"skos:related","exactMatch":"skos:exactMatch"},"uri":"https:\/\/vocabularios.educacion.gob.ar\/admin\/brasil\/termino\/296\/share\/skos","type":"skos:Concept","prefLabel":{"lang":"pt","value":"FORMA\u00c7\u00c3O DOCENTE"},"inScheme":{"uri":"https:\/\/vocabularios.educacion.gob.ar\/admin\/brasil\/"},"dct:created":{"type":"http:\/\/www.w3.org\/2001\/XMLSchema#dateTime","value":"2014-06-11 18:04:57"},"dct:modified":{"type":"http:\/\/www.w3.org\/2001\/XMLSchema#dateTime","value":null},"skos:scopeNote":[{"lang":"pt","value":"Habilita\u00e7\u00e3o profissional de docentes para atua\u00e7\u00e3o em diferentes n\u00edveise modalidades de ensino, por meio de cursos presenciais ou a dist\u00e2ncia, incluindo a escola como espa\u00e7o formativo essencial. Compreende a forma\u00e7\u00e3o inicial, por meio de cursos de licenciatura, e a forma\u00e7\u00e3o continuada, por meio de atividades formativas e cursos de atualiza\u00e7\u00e3o, aperfei\u00e7oamento, especializa\u00e7\u00e3o, mestrado ou doutorado."}],"skos:note":[{"lang":"pt","value":"Defini\u00e7\u00e3o ajustada pelo Comit\u00ea de Terminologia do Cibec\/Inep com base nas seguintes refer\u00eancias:\n\nBRASIL. Minist\u00e9rio da Educa\u00e7\u00e3o. Ensino M\u00e9dio. Orienta\u00e7\u00f5es Educacionais Complementares aos Par\u00e2metros Curriculares Nacionais: Ci\u00eancias da Natureza, Matem\u00e1tica e suas Tecnologias. Dispon\u00edvel em: http:\/\/portal.mec.gov.br\/seb\/arquivos\/pdf\/blegais.pdf>. Acesso em: 15 maio 2014.\n\n______. Decreto n. 8.752, de 9 de maio de 2016. Disp\u00f5e sobre a Pol\u00edtica Nacional de Forma\u00e7\u00e3o dos Profissionais da Educa\u00e7\u00e3o B\u00e1sica. Dispon\u00edvel em: <http:\/\/www.planalto.gov.br\/ccivil_03\/_Ato2015-2018\/2016\/Decreto\/D8752.htm#art19>. Acesso em: 9 nov. 2016.\n\nENS, Romilda Teodora. A pesquisa da pr\u00e1tica pedag\u00f3gica e a pol\u00edtica de forma\u00e7\u00e3o de professores: conhecimento, desafio, compromisso na representa\u00e7\u00e3o social de ex-alunos de Pedagogia. Revista Brasileira de Estudos Pedag\u00f3gicos, Bras\u00edlia, v. 91, n. 227, p. 161-177, jan.\/abr. 2010. Dispon\u00edvel em: <http:\/\/rbep.inep.gov.br\/index.php\/RBEP\/article\/viewFile\/1413\/1317>. Acesso em: 20 maio 2014."}],"related":[{"uri":"https:\/\/vocabularios.educacion.gob.ar\/admin\/brasil\/termino\/140\/share\/jsonld"}],"altLabel":[{"lang":"pt","value=":"Forma\u00e7\u00e3o de Professores"},{"lang":"pt","value=":"Forma\u00e7\u00e3o de Profissionais do Magist\u00e9rio"}]}