{"tema_id":"296","string":"FORMA\u00c7\u00c3O DOCENTE","created":"2014-06-11 18:04:57","code":null,"modified":null,"notes":[{"@type":"nota de alcance","@lang":"pt","@value":"Habilita\u00e7\u00e3o profissional de docentes para atua\u00e7\u00e3o em diferentes n\u00edveise modalidades de ensino, por meio de cursos presenciais ou a dist\u00e2ncia, incluindo a escola como espa\u00e7o formativo essencial. Compreende a forma\u00e7\u00e3o inicial, por meio de cursos de licenciatura, e a forma\u00e7\u00e3o continuada, por meio de atividades formativas e cursos de atualiza\u00e7\u00e3o, aperfei\u00e7oamento, especializa\u00e7\u00e3o, mestrado ou doutorado."},{"@type":"nota bibliogr\u00e1fica","@lang":"pt","@value":"Defini\u00e7\u00e3o ajustada pelo Comit\u00ea de Terminologia do Cibec\/Inep com base nas seguintes refer\u00eancias:\n\nBRASIL. Minist\u00e9rio da Educa\u00e7\u00e3o. Ensino M\u00e9dio. Orienta\u00e7\u00f5es Educacionais Complementares aos Par\u00e2metros Curriculares Nacionais: Ci\u00eancias da Natureza, Matem\u00e1tica e suas Tecnologias. Dispon\u00edvel em: http:\/\/portal.mec.gov.br\/seb\/arquivos\/pdf\/blegais.pdf>. Acesso em: 15 maio 2014.\n\n______. Decreto n. 8.752, de 9 de maio de 2016. Disp\u00f5e sobre a Pol\u00edtica Nacional de Forma\u00e7\u00e3o dos Profissionais da Educa\u00e7\u00e3o B\u00e1sica. Dispon\u00edvel em: <http:\/\/www.planalto.gov.br\/ccivil_03\/_Ato2015-2018\/2016\/Decreto\/D8752.htm#art19>. Acesso em: 9 nov. 2016.\n\nENS, Romilda Teodora. A pesquisa da pr\u00e1tica pedag\u00f3gica e a pol\u00edtica de forma\u00e7\u00e3o de professores: conhecimento, desafio, compromisso na representa\u00e7\u00e3o social de ex-alunos de Pedagogia. Revista Brasileira de Estudos Pedag\u00f3gicos, Bras\u00edlia, v. 91, n. 227, p. 161-177, jan.\/abr. 2010. Dispon\u00edvel em: <http:\/\/rbep.inep.gov.br\/index.php\/RBEP\/article\/viewFile\/1413\/1317>. Acesso em: 20 maio 2014."}]}