{"@context":{"skos":"http:\/\/www.w3.org\/2004\/02\/skos\/core#","dct":"http:\/\/purl.org\/dc\/terms\/","uri":"@id","type":"@type","lang":"@language","value":"@value","prefLabel":"skos:prefLabel","inScheme":"skos:inScheme","broader":"skos:broader","narrower":"skos:narrower","related":"skos:related","exactMatch":"skos:exactMatch"},"uri":"https:\/\/vocabularios.educacion.gob.ar\/admin\/brasil\/termino\/290\/share\/skos","type":"skos:Concept","prefLabel":{"lang":"pt","value":"ALFABETIZADOR"},"inScheme":{"uri":"https:\/\/vocabularios.educacion.gob.ar\/admin\/brasil\/"},"dct:created":{"type":"http:\/\/www.w3.org\/2001\/XMLSchema#dateTime","value":"2014-06-11 16:58:20"},"dct:modified":{"type":"http:\/\/www.w3.org\/2001\/XMLSchema#dateTime","value":null},"skos:scopeNote":[{"lang":"pt","value":"Educador que, no processo de alfabetiza\u00e7\u00e3o dos educandos, promove o ensino-aprendizagem de ler e escrever, o acesso do sujeito aos conhecimentos hist\u00f3rica e socialmente produzidos e sua inser\u00e7\u00e3o nos usos sociais da escrita."}],"skos:note":[{"lang":"pt","value":"Defini\u00e7\u00e3o ajustada pelo Comit\u00ea de Terminologia do Cibec\/Inep com base nas seguintes refer\u00eancias:\n\nFREIRE, Paulo. A educa\u00e7\u00e3o na cidade. 4 ed. S\u00e3o Paulo: Cortez, 2000.\n\n______. Educa\u00e7\u00e3o como pr\u00e1tica da liberdade. 10 ed. Rio de Janeiro: Paz e Terra, 1980.\n\nMACIEL, Francisca Izabel Pereira; L\u00daCIO, Iara Silva. Os conceitos de alfabetiza\u00e7\u00e3o e letramento e os desafios da articula\u00e7\u00e3o entre teoria e pr\u00e1tica. In. CASTANHEIRA, Maria L\u00facia; MACIEL, Francisca Izabel Pereira; MARTINS, Raquel M\u00e1rcia Fontes. (Orgs.) Alfabetiza\u00e7\u00e3o e letramento na sala de aula. 2ed. Belo Horizonte: Aut\u00eantica Editora: Ceale, 2009, p.13-16. (Cole\u00e7\u00e3o Alfabetiza\u00e7\u00e3o e Letramento na Sala de Aula)\n\nSOARES, Magda. Letramento: um tema em tr\u00eas g\u00eaneros. Belo Horizonte: Aut\u00eantica, 1998, p.47."}]}