{"@context":{"skos":"http:\/\/www.w3.org\/2004\/02\/skos\/core#","dct":"http:\/\/purl.org\/dc\/terms\/","uri":"@id","type":"@type","lang":"@language","value":"@value","prefLabel":"skos:prefLabel","inScheme":"skos:inScheme","broader":"skos:broader","narrower":"skos:narrower","related":"skos:related","exactMatch":"skos:exactMatch"},"uri":"https:\/\/vocabularios.educacion.gob.ar\/admin\/brasil\/termino\/277\/share\/skos","type":"skos:Concept","prefLabel":{"lang":"pt","value":"DECANO"},"inScheme":{"uri":"https:\/\/vocabularios.educacion.gob.ar\/admin\/brasil\/"},"dct:created":{"type":"http:\/\/www.w3.org\/2001\/XMLSchema#dateTime","value":"2013-10-02 11:46:57"},"dct:modified":{"type":"http:\/\/www.w3.org\/2001\/XMLSchema#dateTime","value":null},"skos:scopeNote":[{"lang":"pt","value":"Membro dos decanatos da universidade, designado pelo reitor para assessorar a reitoria na supervis\u00e3o e coordena\u00e7\u00e3o das \u00e1reas de Ensino de Gradua\u00e7\u00e3o, Pesquisa e P\u00f3s-Gradua\u00e7\u00e3o, Extens\u00e3o, Assuntos Comunit\u00e1rios, Administra\u00e7\u00e3o, de Gest\u00e3o de Pessoas e de Planejamento e Or\u00e7amento."}],"skos:note":[{"lang":"pt","value":"Defini\u00e7\u00e3o ajustada pelo Comit\u00ea de Terminologia do Cibec\/Inep com base na seguinte refer\u00eancia:\n\nUNIVERSIDADE DE BRAS\u00cdLIA. Estatuto e Regimento Geral. Bras\u00edlia\/DF: Editora Universidade de Bras\u00edlia, 2011. Dispon\u00edvel em: http:\/\/www.unb.br\/unb\/transparencia\/downloads\/regimento_estatuto_unb.pdf>. Acesso em: 22 ago. 2013."}]}