{"@context":{"skos":"http:\/\/www.w3.org\/2004\/02\/skos\/core#","dct":"http:\/\/purl.org\/dc\/terms\/","uri":"@id","type":"@type","lang":"@language","value":"@value","prefLabel":"skos:prefLabel","inScheme":"skos:inScheme","broader":"skos:broader","narrower":"skos:narrower","related":"skos:related","exactMatch":"skos:exactMatch"},"uri":"https:\/\/vocabularios.educacion.gob.ar\/admin\/brasil\/termino\/267\/share\/skos","type":"skos:Concept","prefLabel":{"lang":"pt","value":"ANO LETIVO"},"inScheme":{"uri":"https:\/\/vocabularios.educacion.gob.ar\/admin\/brasil\/"},"dct:created":{"type":"http:\/\/www.w3.org\/2001\/XMLSchema#dateTime","value":"2013-10-02 10:55:10"},"dct:modified":{"type":"http:\/\/www.w3.org\/2001\/XMLSchema#dateTime","value":null},"skos:scopeNote":[{"lang":"pt","value":"Per\u00edodo em que se realizam as atividades escolares ou acad\u00eamicas com dura\u00e7\u00e3o definida em legisla\u00e7\u00e3o pr\u00f3pria."}],"skos:historyNote":[{"lang":"pt","value":"No Brasil, conforme os artigos 24 e 47 da Lei das diretrizes e bases da educa\u00e7\u00e3o nacional, na \u201ceduca\u00e7\u00e3o b\u00e1sica, nos n\u00edveis fundamental e m\u00e9dio, [...] a carga hor\u00e1ria m\u00ednima anual ser\u00e1 de oitocentas horas para o ensino fundamental e para o ensino m\u00e9dio, distribu\u00eddas por um m\u00ednimo de duzentos dias de efetivo trabalho escolar, exclu\u00eddo o tempo reservado aos exames finais, quando houver\u201d; e \u201cna educa\u00e7\u00e3o superior, o ano letivo regular, independente do ano civil, tem, no m\u00ednimo, duzentos dias de trabalho acad\u00eamico efetivo, exclu\u00eddo o tempo reservado aos exames finais, quando houver\u201d."}],"skos:note":[{"lang":"pt","value":"Defini\u00e7\u00e3o elaborada pelo Comit\u00ea de Terminologia do Cibec\/Inep com base nas seguintes refer\u00eancias:\n\nBRASIL. Lei n. 9.394, de 20 de dezembro de 1996. Estabelece as diretrizes e bases da educa\u00e7\u00e3o nacional. [Di\u00e1rio Oficial da Rep\u00fablica Federativa do Brasil], Bras\u00edlia, DF, 23 dez. 1996. Dispon\u00edvel em: http:\/\/portal.mec.gov.br\/arquivos\/pdf\/ldb.pdf>. Acesso em: 24 jul. 2013 e 28 nov. 2017.\n\nCOSTA, Renata. O que define um dia letivo. Revista Nova Escola. Dispon\u00edvel em: http:\/\/revistaescola.abril.com.br\/politicas-publicas\/legislacao\/define-dia-letivo-491362.shtml>. Acesso em: 24 jul. 2013.\n\nRefer\u00eancia da Nota Hist\u00f3rica: BRASIL. Lei n. 9.394, de 20 de dezembro de 1996. Estabelece as diretrizes e bases da educa\u00e7\u00e3o nacional. [Di\u00e1rio Oficial da Rep\u00fablica Federativa do Brasil], Bras\u00edlia, DF, 23 dez. 1996. Dispon\u00edvel em: <http:\/\/portal.mec.gov.br\/arquivos\/pdf\/ldb.pdf>. Acesso em: 24 jul. 2013 e 28 nov. 2017."}]}