{"@context":{"skos":"http:\/\/www.w3.org\/2004\/02\/skos\/core#","dct":"http:\/\/purl.org\/dc\/terms\/","uri":"@id","type":"@type","lang":"@language","value":"@value","prefLabel":"skos:prefLabel","inScheme":"skos:inScheme","broader":"skos:broader","narrower":"skos:narrower","related":"skos:related","exactMatch":"skos:exactMatch"},"uri":"https:\/\/vocabularios.educacion.gob.ar\/admin\/brasil\/termino\/263\/share\/skos","type":"skos:Concept","prefLabel":{"lang":"pt","value":"MOBILIDADE"},"inScheme":{"uri":"https:\/\/vocabularios.educacion.gob.ar\/admin\/brasil\/"},"dct:created":{"type":"http:\/\/www.w3.org\/2001\/XMLSchema#dateTime","value":"2013-06-19 11:24:21"},"dct:modified":{"type":"http:\/\/www.w3.org\/2001\/XMLSchema#dateTime","value":null},"skos:scopeNote":[{"lang":"pt","value":"Deslocamento pontual e tempor\u00e1rio que visa o interc\u00e2mbio de alunos, professores e pesquisadores dos sistemas de educa\u00e7\u00e3o b\u00e1sica e superior em institui\u00e7\u00f5es de ensino e pesquisa do pr\u00f3prio pa\u00eds e de outros pa\u00edses, para realizar estudos, pesquisas ou est\u00e1gios, a fim de fortalecer a integra\u00e7\u00e3o acad\u00eamica e cultural."}],"skos:note":[{"lang":"pt","value":"Defini\u00e7\u00e3o elaborada pelo Comit\u00ea de Terminologia do Cibec\/Inep com base nas seguintes refer\u00eancias:\n\nBRASIL. Minist\u00e9rio da Educa\u00e7\u00e3o. Secretaria de Educa\u00e7\u00e3o Superior. Edital de convoca\u00e7\u00e3o n. 11, de 22 de julho de 2008. Convoca as Institui\u00e7\u00f5es Federais de Educa\u00e7\u00e3o Superior -IFES a apresentarem projetos de mobilidade docente no \u00e2mbito do Programa de Mobilidade Docente de Curta Dura\u00e7\u00e3o do MERCOSUL. [Di\u00e1rio Oficial da Rep\u00fablica Federativa do Brasil], Bras\u00edlia, DF, 23 de julho de 2008. Dispon\u00edvel em: <http:\/\/portal.mec.gov.br\/sesu\/arquivos\/pdf\/DOU\/edital_programa%20de%20mobilidade.pdf>. Acesso em: 18 dez. 2015.\n\n______. Programa de Mobilidade Acad\u00eamica Regional em Cursos Acreditados (Marca). Dispon\u00edvel em: <http:\/\/portal.mec.gov.br\/index.php?option=com_content&view=article&id=12285&ativo=551&Itemid=549>. Acesso em: 1\u00ba abr. 2013.\n\n______. Projeto Escola Intercultural Bil\u00edngue de Fronteira (PEIBF). Dispon\u00edvel em: <http:\/\/portal.mec.gov.br\/index.php?option=com_content&view=article&id=12586&Itemid=836>. Acesso em: 1\u00ba abr. 2013.\n\nCOORDENA\u00c7\u00c3O DE APERFEI\u00c7OAMENTO DE PESSOAL DE N\u00cdVEL SUPERIOR. Programa Ci\u00eancia sem Fronteiras. Dispon\u00edvel em: <http:\/\/www.cienciasemfronteiras.gov.br\/web\/csf\/o-programa>. Acesso em: 1\u00ba abr. 2013."}]}