{"@context":{"skos":"http:\/\/www.w3.org\/2004\/02\/skos\/core#","dct":"http:\/\/purl.org\/dc\/terms\/","uri":"@id","type":"@type","lang":"@language","value":"@value","prefLabel":"skos:prefLabel","inScheme":"skos:inScheme","broader":"skos:broader","narrower":"skos:narrower","related":"skos:related","exactMatch":"skos:exactMatch"},"uri":"https:\/\/vocabularios.educacion.gob.ar\/admin\/brasil\/termino\/254\/share\/skos","type":"skos:Concept","prefLabel":{"lang":"pt","value":"PROJETO EDUCACIONAL"},"inScheme":{"uri":"https:\/\/vocabularios.educacion.gob.ar\/admin\/brasil\/"},"dct:created":{"type":"http:\/\/www.w3.org\/2001\/XMLSchema#dateTime","value":"2013-05-14 11:19:18"},"dct:modified":{"type":"http:\/\/www.w3.org\/2001\/XMLSchema#dateTime","value":null},"skos:scopeNote":[{"lang":"pt","value":"Trabalho te\u00f3rico-metodol\u00f3gico de dura\u00e7\u00e3o finita, com finalidade de planejar, coordenar e executar a\u00e7\u00f5es voltadas para melhoria de processos educativos e de forma\u00e7\u00e3o humana, em seus diferentes n\u00edveis e contextos."}],"skos:note":[{"lang":"pt","value":"Defini\u00e7\u00e3o ajustada pelo Comit\u00ea de Terminologia do Cibec\/Inep com base na seguinte refer\u00eancia:\n\nMOURA, D\u00e1cio Guimar\u00e3es; BARBOSA, Eduardo Fernandes. Trabalhando com projetos: planejamento e gest\u00e3o de projetos educacionais. Rio de Janeiro: Vozes, 2010."}]}