{"@context":{"skos":"http:\/\/www.w3.org\/2004\/02\/skos\/core#","dct":"http:\/\/purl.org\/dc\/terms\/","uri":"@id","type":"@type","lang":"@language","value":"@value","prefLabel":"skos:prefLabel","inScheme":"skos:inScheme","broader":"skos:broader","narrower":"skos:narrower","related":"skos:related","exactMatch":"skos:exactMatch"},"uri":"https:\/\/vocabularios.educacion.gob.ar\/admin\/brasil\/termino\/253\/share\/skos","type":"skos:Concept","prefLabel":{"lang":"pt","value":"PR\u00c1TICA CURRICULAR"},"inScheme":{"uri":"https:\/\/vocabularios.educacion.gob.ar\/admin\/brasil\/"},"dct:created":{"type":"http:\/\/www.w3.org\/2001\/XMLSchema#dateTime","value":"2013-05-14 11:15:11"},"dct:modified":{"type":"http:\/\/www.w3.org\/2001\/XMLSchema#dateTime","value":null},"skos:scopeNote":[{"lang":"pt","value":"A\u00e7\u00e3o de orienta\u00e7\u00e3o, acompanhamento e interven\u00e7\u00e3o no cotidiano escolar, concretizando a integra\u00e7\u00e3o entre a forma\u00e7\u00e3o acad\u00eamica e o exerc\u00edcio docente, de forma cont\u00ednua e interdisciplinar."}],"skos:note":[{"lang":"pt","value":"Defini\u00e7\u00e3o ajustada pelo Comit\u00ea de Terminologia do Cibec\/Inep com base na seguinte refer\u00eancia:\n\nUNIVERSIDADE ESTADUAL DE CAMPINAS. Faculdade de Educa\u00e7\u00e3o. Gradua\u00e7\u00e3o: ementas das disciplinas. Dispon\u00edvel em: http:\/\/www.fe.unicamp.br\/ensino\/graduacao\/proesf_ementas.html>. Acesso em: 21 jan. 2013."}]}