{"tema_id":"253","string":"PR\u00c1TICA CURRICULAR","created":"2013-05-14 11:15:11","code":null,"modified":null,"notes":[{"@type":"nota de alcance","@lang":"pt","@value":"A\u00e7\u00e3o de orienta\u00e7\u00e3o, acompanhamento e interven\u00e7\u00e3o no cotidiano escolar, concretizando a integra\u00e7\u00e3o entre a forma\u00e7\u00e3o acad\u00eamica e o exerc\u00edcio docente, de forma cont\u00ednua e interdisciplinar."},{"@type":"nota bibliogr\u00e1fica","@lang":"pt","@value":"Defini\u00e7\u00e3o ajustada pelo Comit\u00ea de Terminologia do Cibec\/Inep com base na seguinte refer\u00eancia:\n\nUNIVERSIDADE ESTADUAL DE CAMPINAS. Faculdade de Educa\u00e7\u00e3o. Gradua\u00e7\u00e3o: ementas das disciplinas. Dispon\u00edvel em: http:\/\/www.fe.unicamp.br\/ensino\/graduacao\/proesf_ementas.html>. Acesso em: 21 jan. 2013."}]}