{"@context":{"skos":"http:\/\/www.w3.org\/2004\/02\/skos\/core#","dct":"http:\/\/purl.org\/dc\/terms\/","uri":"@id","type":"@type","lang":"@language","value":"@value","prefLabel":"skos:prefLabel","inScheme":"skos:inScheme","broader":"skos:broader","narrower":"skos:narrower","related":"skos:related","exactMatch":"skos:exactMatch"},"uri":"https:\/\/vocabularios.educacion.gob.ar\/admin\/brasil\/termino\/250\/share\/skos","type":"skos:Concept","prefLabel":{"lang":"pt","value":"ORIENTA\u00c7\u00c3O VOCACIONAL"},"inScheme":{"uri":"https:\/\/vocabularios.educacion.gob.ar\/admin\/brasil\/"},"dct:created":{"type":"http:\/\/www.w3.org\/2001\/XMLSchema#dateTime","value":"2013-05-14 11:03:48"},"dct:modified":{"type":"http:\/\/www.w3.org\/2001\/XMLSchema#dateTime","value":null},"skos:scopeNote":[{"lang":"pt","value":"Pr\u00e1tica de interven\u00e7\u00e3o que envolve uma gama de procedimentos com o objetivo de auxiliar jovens e adultos a tomar decis\u00f5es sobre a escolha profissional ou mudan\u00e7a de carreira, considerando seus interesses e habilidades, e o mercado de trabalho."}],"skos:historyNote":[{"lang":"pt","value":"Atualmente, o termo mais utilizado pela Psicologia \u00e9 \"Orienta\u00e7\u00e3o Profissional\" para se referir a essa pr\u00e1tica de interven\u00e7\u00e3o em processos de escolha profissional ou mudan\u00e7a de carreira."}],"skos:note":[{"lang":"pt","value":"Defini\u00e7\u00e3o e nota elaboradas pelo Comit\u00ea de Terminologia do Cibec\/Inep com base nas seguintes refer\u00eancias:\n\nBOHOSLAVSKY, Rodolfo. Orienta\u00e7\u00e3o vocacional: a estrat\u00e9gia cl\u00ednica. Trad. Jos\u00e9 Maria Valeije Bojart. 3ed. S\u00e3o Paulo: Martins Fontes, 1977, p.28.\n\nMELO-SILVA, Lucy L.; LASSANCE, Maria C\u00e9lia P.; SOARES, Dulce Helena P. A orienta\u00e7\u00e3o profissional no contexto da educa\u00e7\u00e3o e trabalho. Revista Brasileira de Orienta\u00e7\u00e3o Profissional [online], S\u00e3o Paulo, v.5, n.2, pp. 31-52, 2004. Dispon\u00edvel em: http:\/\/pepsic.bvsalud.org\/scielo.php?script=sci_arttext&pid=S1679-33902004000200005&lng=pt&nrm=i&tlng=pt>. Acesso em: 30 jan. 2013.\n\nOLIVEIRA-CARDOSO, \u00c9rika A.; MELO-SILVA, Lucy Leal; PIOVESANI, F\u00e1bio P.; SANTOS, Manoel A. Orienta\u00e7\u00e3o profissional\/vocacional e psicoterapia: alternativas mutuamente excludentes ou complementares? Revista Psico., Porto Alegre, v.41, n.2, abri.\/jun.2010. Dispon\u00edvel em: http:\/\/revistaseletronicas.pucrs.br\/revistapsico\/ojs\/index.php\/revistapsico\/article\/viewFile\/5998\/5317>. Acesso em: 1 fev. 2013.\n\nSPARTA, M\u00f4nica. O desenvolvimento da orienta\u00e7\u00e3o profissional no Brasil. Revista Brasileira de Orienta\u00e7\u00e3o Profissional [online], S\u00e3o Paulo, v.4, n.1-2, pp. 1-11, 2003. Dispon\u00edvel em: http:\/\/pepsic.bvsalud.org\/scielo.php?script=sci_arttext&pid=S1679-33902003000100002&lng=pt&nrm=i&tlng=pt>. Acesso em: 30 jan. 2013."}],"related":[{"uri":"https:\/\/vocabularios.educacion.gob.ar\/admin\/brasil\/termino\/168\/share\/jsonld"}]}