{"@context":{"skos":"http:\/\/www.w3.org\/2004\/02\/skos\/core#","dct":"http:\/\/purl.org\/dc\/terms\/","uri":"@id","type":"@type","lang":"@language","value":"@value","prefLabel":"skos:prefLabel","inScheme":"skos:inScheme","broader":"skos:broader","narrower":"skos:narrower","related":"skos:related","exactMatch":"skos:exactMatch"},"uri":"https:\/\/vocabularios.educacion.gob.ar\/admin\/brasil\/termino\/238\/share\/skos","type":"skos:Concept","prefLabel":{"lang":"pt","value":"DEFASAGEM IDADE-S\u00c9RIE"},"inScheme":{"uri":"https:\/\/vocabularios.educacion.gob.ar\/admin\/brasil\/"},"dct:created":{"type":"http:\/\/www.w3.org\/2001\/XMLSchema#dateTime","value":"2012-10-19 10:43:37"},"dct:modified":{"type":"http:\/\/www.w3.org\/2001\/XMLSchema#dateTime","value":"2013-05-22 10:35:57"},"skos:scopeNote":[{"lang":"pt","value":"Fen\u00f4meno escolar em que a idade cronol\u00f3gica do aluno \u00e9 superior \u00e0 idade esperada para uma determinada s\u00e9rie ou ano, considerando a idade obrigat\u00f3ria de ingresso na etapa do ensino fundamental da educa\u00e7\u00e3o b\u00e1sica."}],"skos:historyNote":[{"lang":"pt","value":"No Brasil s\u00e3o considerados defasados alunos com idade cronol\u00f3gica igual ou superior a dois anos em rela\u00e7\u00e3o \u00e0 idade esperada para uma determinada s\u00e9rie ou ano. O fen\u00f4meno \u00e9 medido no pa\u00eds pela taxa de distor\u00e7\u00e3o idade-s\u00e9rie."}],"skos:note":[{"lang":"pt","value":"Defini\u00e7\u00e3o e nota ajustadas pelo Comit\u00ea de Terminologia do Cibec\/Inep com base nas seguintes refer\u00eancias:\n\nINSTITUTO NACIONAL DE ESTUDOS E PESQUISAS EDUCACIONAIS AN\u00cdSIO TEIXEIRA. Diretoria de Estat\u00edsticas Educacionais. Censo Escolar da Educa\u00e7\u00e3o B\u00e1sica 2011. Resumo T\u00e9cnico. Dispon\u00edvel em: <http:\/\/download.inep.gov.br\/educacao_basica\/censo_escolar\/resumos_tecnicos\/resumo_tecnico_censo_educacao_basica_2011.pdf>. Acesso em: 13 nov. 2017.\n\nSOARES, Sergei; S\u00c1TYRO, Nat\u00e1lia. O impacto da infra-estrutura escolar na taxa de distor\u00e7\u00e3o idade-s\u00e9rie das escolas brasileiras de ensino fundamental - 1998 a 2005. Bras\u00edlia: Inep, 2008. (S\u00e9rie Documental. Textos para Discuss\u00e3o, n.29). Dispon\u00edvel em: <http:\/\/www.publicacoes.inep.gov.br\/arquivos\/%7B90BD40E9-3F95-46BA-8B46-4E98FD9AB77F%7D_TD_29_a4.pdf>. Acesso em: 12 jul. 2012."}],"related":[{"uri":"https:\/\/vocabularios.educacion.gob.ar\/admin\/brasil\/termino\/109\/share\/jsonld"},{"uri":"https:\/\/vocabularios.educacion.gob.ar\/admin\/brasil\/termino\/18\/share\/jsonld"},{"uri":"https:\/\/vocabularios.educacion.gob.ar\/admin\/brasil\/termino\/182\/share\/jsonld"},{"uri":"https:\/\/vocabularios.educacion.gob.ar\/admin\/brasil\/termino\/187\/share\/jsonld"}],"altLabel":[{"lang":"pt","value=":"Distor\u00e7\u00e3o Idade-S\u00e9rie"}]}