{"tema_id":"235","string":"POL\u00cdTICA LINGU\u00cdSTICA","created":"2012-10-19 10:37:44","code":null,"modified":"2013-05-22 15:16:17","notes":[{"@type":"nota de alcance","@lang":"pt","@value":"Processo de constru\u00e7\u00e3o das pol\u00edticas estatais para as l\u00ednguas e seus usos, que envolve o planejamento de programas e a\u00e7\u00f5es."},{"@type":"nota bibliogr\u00e1fica","@lang":"pt","@value":"Defini\u00e7\u00e3o elaborada pelo Comit\u00ea de Terminologia do Cibec\/Inep com base nas seguintes refer\u00eancias:\n\nCUNHA, Rodrigo Bastos. Pol\u00edticas de l\u00ednguas e educa\u00e7\u00e3o escolar ind\u00edgena no Brasil. Educar em Revista, Curitiba, n. 32, p. 143-159, 2008. Dispon\u00edvel em: http:\/\/www.scielo.br\/scielo.php?script=sci_arttext&pid=S0104-40602008000200011&lang=pt>. Acesso em: 27 jul.2012.\n\nINSTITUTO DE POL\u00cdTICAS LINGU\u00cdSTICAS. Se\u00e7\u00e3o Observat\u00f3rio de Pol\u00edticas Lingu\u00edsticas: Leis. Dispon\u00edvel em: <http:\/\/www.ipol.org.br\/>. Acesso em: 27 jul. 2012.\n\nORLANDI, Eni Pulcinelli (org.). Pol\u00edtica lingu\u00edstica na Am\u00e9rica Latina. Campinas: Pontes, 1988, p.7.\n\nSAVEDRA, M\u00f4nica Maria Guimar\u00e3es. O portugu\u00eas no Mercosul. Cadernos de Letras da UFFP - Dossi\u00ea: difus\u00e3o da l\u00edngua portuguesa, Niter\u00f3i, n. 39, p.175-183, 2009. Dispon\u00edvel em: <http:\/\/www.uff.br\/cadernosdeletrasuff\/39\/artigo10.pdf>. Acesso em: 27 jul. 2012."}]}