{"@context":{"skos":"http:\/\/www.w3.org\/2004\/02\/skos\/core#","dct":"http:\/\/purl.org\/dc\/terms\/","uri":"@id","type":"@type","lang":"@language","value":"@value","prefLabel":"skos:prefLabel","inScheme":"skos:inScheme","broader":"skos:broader","narrower":"skos:narrower","related":"skos:related","exactMatch":"skos:exactMatch"},"uri":"https:\/\/vocabularios.educacion.gob.ar\/admin\/brasil\/termino\/20\/share\/skos","type":"skos:Concept","prefLabel":{"lang":"pt","value":"AUTOAVALIA\u00c7\u00c3O INSTITUCIONAL"},"inScheme":{"uri":"https:\/\/vocabularios.educacion.gob.ar\/admin\/brasil\/"},"dct:created":{"type":"http:\/\/www.w3.org\/2001\/XMLSchema#dateTime","value":"2011-03-22 15:07:58"},"dct:modified":{"type":"http:\/\/www.w3.org\/2001\/XMLSchema#dateTime","value":"2016-05-05 17:21:26"},"skos:scopeNote":[{"lang":"pt","value":"Processo avaliativo vivenciado em uma institui\u00e7\u00e3o com crit\u00e9rios de an\u00e1lise extra\u00eddos da sua miss\u00e3o e objetivos anteriormente determinados, articulados de forma que se obtenha uma vis\u00e3o global a respeito da pr\u00f3pria identidade e realidade, a ser constru\u00edda por todos os membros institucionais."}],"skos:note":[{"lang":"pt","value":"Defini\u00e7\u00e3o elaborada pela Rede de Especialistas do Inep com base nas seguintes refer\u00eancias:\n\nABREU J\u00daNIOR, Nelson. Sistema(s) de avalia\u00e7\u00e3o da educa\u00e7\u00e3o superior brasileira. Cadernos Cedes, Campinas, v. 29, n. 78, p. 257-269, maio\/ago. 2009. Dispon\u00edvel em: <http:\/\/www.scielo.br\/pdf\/ccedes\/v29n78\/v29n78a08.pdf>. Acesso em: 10 ago. 2015.\n\nAUGUSTO, Rosana. BALZAN, Nilton Cesar. A vez e a voz dos coordenadores das CPAS das IES de Campinas que integram o SINAES. Avalia\u00e7\u00e3o, Campinas; Sorocaba, v.12, n.4, p. 597\u2013624, dez. 2007. Dispon\u00edvel em: <http:\/\/www.scielo.br\/pdf\/aval\/v12n4\/a04v12n4.pdf>. Acesso em: 30 jul. 2015.\n\nBALSAN, Nilton Cesar; DIAS SOBRINHO, Jos\u00e9. Avalia\u00e7\u00e3o institucional: teoria e experi\u00eancias. S\u00e3o Paulo: Cortez, 2000.\n\nBELLONI, Isaura. Avalia\u00e7\u00e3o institucional e o compromisso social da universidade. Sitientibus, Feira de Santana, n. 17, p. 211-223, jul.\/ dez.1997. Dispon\u00edvel em: <http:\/\/www2.uefs.br\/sitientibus\/pdf\/17\/avaliacao_institucional.pdf>. Acesso em: 3 ago. 2015.\n\nBOCLIN, Roberto. Avalia\u00e7\u00e3o Institucional: quem acredita? Rio de Janeiro: Espa\u00e7o do Saber, 2012.\n\nBRASIL. Minist\u00e9rio da Educa\u00e7\u00e3o. Avalia\u00e7\u00e3o externa de institui\u00e7\u00f5es de educa\u00e7\u00e3o superior: diretrizes e instrumentos. Bras\u00edlia: Inep, 2006. Dispon\u00edvel em: <https:\/\/www.ufpe.br\/ctg\/images\/avaliacaoexterna.pdf>. Acesso em: 4 mar. 2015.\n\n______. Lei n. 9.394, de dezembro de 1996. Estabelece as diretrizes e bases da educa\u00e7\u00e3o nacional. [Di\u00e1rio Oficial da rep\u00fablica Federativa do Brasil], Bras\u00edlia, DF, 23 dez. 1996. Dispon\u00edvel em: <http:\/\/www.planalto.gov.br\/CCIVIL_03\/leis\/L9394.htm>. Acesso em: 31 jul. 2015.\n\n______. Minist\u00e9rio da Educa\u00e7\u00e3o. SINAES. Sistema Nacional de Avalia\u00e7\u00e3o da Educa\u00e7\u00e3o Superior: da concep\u00e7\u00e3o a regulamenta\u00e7\u00e3o. 4 ed. Ampl. Bras\u00edlia, DF: Inep, 2007.\n\n______. Minist\u00e9rio da Educa\u00e7\u00e3o. Lei n. 13.005, de 25 de junho de 2014. Aprova o Plano Nacional de Educa\u00e7\u00e3o: PNE e d\u00e1 outras provid\u00eancias. [Di\u00e1rio Oficial da Rep\u00fablica Federativa do Brasil], Bras\u00edlia, DF, 26 jun. 1996. Dispon\u00edvel em: <http:\/\/www.planalto.gov.br\/CCIVIL_03\/_Ato2011-2014\/2014\/Lei\/L13005.htm>. Acesso em: 31 jul. 2015."}]}