{"@context":{"skos":"http:\/\/www.w3.org\/2004\/02\/skos\/core#","dct":"http:\/\/purl.org\/dc\/terms\/","uri":"@id","type":"@type","lang":"@language","value":"@value","prefLabel":"skos:prefLabel","inScheme":"skos:inScheme","broader":"skos:broader","narrower":"skos:narrower","related":"skos:related","exactMatch":"skos:exactMatch"},"uri":"https:\/\/vocabularios.educacion.gob.ar\/admin\/brasil\/termino\/174\/share\/skos","type":"skos:Concept","prefLabel":{"lang":"pt","value":"POPULA\u00c7\u00c3O N\u00c3O ESCOLARIZADA"},"inScheme":{"uri":"https:\/\/vocabularios.educacion.gob.ar\/admin\/brasil\/"},"dct:created":{"type":"http:\/\/www.w3.org\/2001\/XMLSchema#dateTime","value":"2011-03-22 15:07:58"},"dct:modified":{"type":"http:\/\/www.w3.org\/2001\/XMLSchema#dateTime","value":"2015-02-09 12:08:23"},"skos:scopeNote":[{"lang":"pt","value":"Defini\u00e7\u00e3o 1: Conjunto de pessoas que n\u00e3o possuem forma\u00e7\u00e3o escolar em institui\u00e7\u00f5es oficiais de ensino em nenhum n\u00edvel, etapa ou modalidade de ensino do sistema educacional formal.\n\nDefini\u00e7\u00e3o 2: Conjunto de pessoas que n\u00e3o receberam forma\u00e7\u00e3o em nenhum n\u00edvel e em nenhuma modalidade do sistema educacional formal."}],"skos:note":[{"lang":"pt","value":"Defini\u00e7\u00e3o 1 elaborada pela Equipe Cibec com base nas seguintes refer\u00eancias:\n\nBRASIL. Minist\u00e9rio da Educa\u00e7\u00e3o. Secretaria de Educa\u00e7\u00e3o Continuada, Alfabetiza\u00e7\u00e3o e Diversidade. Documento Nacional Preparat\u00f3rio a VI Confer\u00eancia Internacional de Educa\u00e7\u00e3o de Adultos (VI CONFINTEA). Bras\u00edlia: MEC; Goi\u00e2nia: FUNAPE\/UFG, 2009. Dispon\u00edvel em: <http:\/\/portal.mec.gov.br\/index.php?option=com_docman&view=download&alias=10024-confitea-6-secadi&category_slug=fevereiro-2012-pdf&Itemid=30192>. Acesso em: 2 maio 2016.\n\n______. Minist\u00e9rio da Educa\u00e7\u00e3o. Secretaria de Educa\u00e7\u00e3o Continuada, Alfabetiza\u00e7\u00e3o e Diversidade. Diretoria de Pol\u00edticas de Educa\u00e7\u00e3o de Jovens e Adultos. Princ\u00edpios, diretrizes, estrat\u00e9gias e a\u00e7\u00f5es de apoio ao Programa Brasil Alfabetizado: elementos para a forma\u00e7\u00e3o de coordenadores de turmas e alfabetizadores. Bras\u00edlia, abril de 2011. Dispon\u00edvel em: http:\/\/portal.mec.gov.br\/index.php?option=com_docman&view=download&alias=10022-diretrizes-principios-pba-secadi&category_slug=fevereiro-2012-pdf&Itemid=30192>. Acesso em: 2 maio 2016.\n\nIBGE. Censo Demogr\u00e1fico 2010. Educa\u00e7\u00e3o. Resultados da amostra. Dispon\u00edvel em: <http:\/\/biblioteca.ibge.gov.br\/visualizacao\/periodicos\/86\/cd_2000_educacao_amostra.pdf>. Acesso em: 29 abr. 2016.\n\nPAIVA, Jane; MACHADO, Maria Margarida; IRELAND, Timothy. Educa\u00e7\u00e3o de jovens e adultos: uma mem\u00f3ria contempor\u00e2nea, 1996-2004. Bras\u00edlia: Minist\u00e9rio da Educa\u00e7\u00e3o. Secretaria de Educa\u00e7\u00e3o Continuada, Alfabetiza\u00e7\u00e3o e Diversidade. Organiza\u00e7\u00e3o das Na\u00e7\u00f5es Unidas para a Educa\u00e7\u00e3o, a Ci\u00eancia e a Cultura, 2007. Dispon\u00edvel em: <http:\/\/portal.mec.gov.br\/index.php?option=com_docman&view=download&alias=657-vol1ejaelt-pdf&Itemid=30192>. Acesso em: 29 abr. 2016.\n\nRefer\u00eancia da defini\u00e7\u00e3o 2: Termo normalizado para GGP Indicadores."}],"related":[{"uri":"https:\/\/vocabularios.educacion.gob.ar\/admin\/brasil\/termino\/364\/share\/jsonld"},{"uri":"https:\/\/vocabularios.educacion.gob.ar\/admin\/brasil\/termino\/117\/share\/jsonld"},{"uri":"https:\/\/vocabularios.educacion.gob.ar\/admin\/brasil\/termino\/200\/share\/jsonld"}]}