{"tema_id":"162","string":"M\u00d3DULO","created":"2011-03-22 15:07:58","code":null,"modified":"2016-08-31 10:38:13","notes":[{"@type":"nota de alcance","@lang":"pt","@value":"Cada uma das unidades que comp\u00f5em o programa de ensino de um curso ou uma disciplina, compreendendo conte\u00fados, compet\u00eancias, habilidades, atividades pedag\u00f3gicas e de avalia\u00e7\u00e3o, organizada de acordo com a proposta curricular e carga hor\u00e1ria correspondente."},{"@type":"nota bibliogr\u00e1fica","@lang":"pt","@value":"Defini\u00e7\u00e3o elaborada pela Equipe Cibec com base nas seguintes refer\u00eancias:\n\nBRASIL. Minist\u00e9rio da Educa\u00e7\u00e3o. Secretaria de Educa\u00e7\u00e3o B\u00e1sica. Diretrizes Curriculares Nacionais Gerais da Educa\u00e7\u00e3o B\u00e1sica. Bras\u00edlia: MEC; SEB; DICEI, 2013. Dispon\u00edvel em: <http:\/\/portal.mec.gov.br\/index.php?option=com_docman&view=download&alias=15548-d-c-n-educacao-basica-nova-pdf&category_slug=abril-2014-pdf&Itemid=30192>. Acesso em: 25 set. 2015.\n\nDALBEN, \u00c2ngela Imaculada Loureiro de Freitas. O m\u00f3dulo did\u00e1tico: uma tecnologia para a EAD. In: ENCONTRO NACIONAL DE DID\u00c1TICA E PR\u00c1TICA DE ENSINO. N. 13, 2006, Recife. Educa\u00e7\u00e3o, quest\u00f5es pedag\u00f3gicas e processos formativos: compromisso com a inclus\u00e3o social. Dispon\u00edvel em: <http:\/\/endipe.pro.br\/anteriores\/13\/paineis\/paineis_autor\/T481-1.doc>. Acesso em: 24 fev. 2016.\n\nDUARTE, S\u00e9rgio Guerra. Dicion\u00e1rio Brasileiro de Educa\u00e7\u00e3o. Rio de Janeiro: Edi\u00e7\u00f5es Antares: Nobel, 1986, p.124."}]}