{"tema_id":"155","string":"GRADE CURRICULAR","created":"2011-03-22 15:07:58","code":null,"modified":"2016-01-08 15:58:52","notes":[{"@type":"nota de alcance","@lang":"pt","@value":"Registro de conte\u00fados, temas e assuntos selecionados e organizados por \u00e1rea do conhecimento de modo a atender os objetivos de aprendizagem."},{"@type":"nota bibliogr\u00e1fica","@lang":"pt","@value":"Defini\u00e7\u00e3o elaborada pela Rede de Especialistas do Inep com base nas seguintes refer\u00eancias:\n\nCONSELHO NACIONAL DE EDUCA\u00c7\u00c3O (Brasil). C\u00e2mara de Educa\u00e7\u00e3o B\u00e1sica. Parecer n. 7, aprovado em 7 de abril de 2010. Dispon\u00edvel em: <http:\/\/portal.mec.gov.br\/index.php?option=com_content&id=12992:diretrizes-para-a-educacao-basica>. Acesso em: 26 jul. 2015.\n\n______. C\u00e2mara de Educa\u00e7\u00e3o Superior. Parecer n. 1.303\/2001, aprovado em 7 de novembro de 2011. Dispon\u00edvel em: <http:\/\/portal.mec.gov.br\/cne\/arquivos\/pdf\/CES1303.pdf>. Acesso em: 26 jul. 2015.\n\nFEITOSA, Sonia Couto Sousa. Das grades \u00e0s matrizes curriculares participativas da educa\u00e7\u00e3o de jovens e adultos. 2014. Dispon\u00edvel em: . Acesso em: 5 ago. 2015.\n\nLINHARES, C\u00e9lia. Curr\u00edculo e Conhecimento: Paulo Freire e uma escola sem grades. Revista Eletr\u00f4nica do Grupo ALEPH - Forma\u00e7\u00e3o dos Profissionais de Educa\u00e7\u00e3o, 2006. Dispon\u00edvel em: <http:\/\/www.uff.br\/aleph\/textos_em_pdf\/curriculo_e_conhecimento_em_paulo_freire.pdf>. Acesso em: 5 ago. 2015"}]}