{"@context":{"skos":"http:\/\/www.w3.org\/2004\/02\/skos\/core#","dct":"http:\/\/purl.org\/dc\/terms\/","uri":"@id","type":"@type","lang":"@language","value":"@value","prefLabel":"skos:prefLabel","inScheme":"skos:inScheme","broader":"skos:broader","narrower":"skos:narrower","related":"skos:related","exactMatch":"skos:exactMatch"},"uri":"https:\/\/vocabularios.educacion.gob.ar\/admin\/brasil\/termino\/146\/share\/skos","type":"skos:Concept","prefLabel":{"lang":"pt","value":"INCLUS\u00c3O DIGITAL"},"inScheme":{"uri":"https:\/\/vocabularios.educacion.gob.ar\/admin\/brasil\/"},"dct:created":{"type":"http:\/\/www.w3.org\/2001\/XMLSchema#dateTime","value":"2011-03-22 15:07:58"},"dct:modified":{"type":"http:\/\/www.w3.org\/2001\/XMLSchema#dateTime","value":"2018-02-22 11:49:33"},"skos:scopeNote":[{"lang":"pt","value":"Compreende a democratiza\u00e7\u00e3o do acesso e uso das tecnologias da informa\u00e7\u00e3o e da comunica\u00e7\u00e3o, e a apropria\u00e7\u00e3o das m\u00eddias digitais pelas pessoas tanto para acessarem quanto para produzirem conte\u00fados e conhecimentos em diversas linguagens, de forma interativa, colaborativa, cr\u00edtica e reflexiva. No \u00e2mbito educacional, o processo de inclus\u00e3o digital se desenvolve por meio de pol\u00edticas, programas e a\u00e7\u00f5es espec\u00edficos que visam \u00e0 forma\u00e7\u00e3o cidad\u00e3 e \u00e0 inser\u00e7\u00e3o de educandos e educadores na sociedade contempor\u00e2nea."}],"skos:note":[{"lang":"pt","value":"Defini\u00e7\u00e3o elaborada pela Equipe Cibec com base nas seguintes refer\u00eancias:\n\nBASTOS, Beth et al. Introdu\u00e7\u00e3o \u00e0 educa\u00e7\u00e3o digital: caderno de estudo e pr\u00e1tica. Bras\u00edlia: Minist\u00e9rio da Educa\u00e7\u00e3o\/Secretaria de Educa\u00e7\u00e3o a Dist\u00e2ncia, 2008, p. 19. Dispon\u00edvel em: <http:\/\/webeduc.mec.gov.br\/Proinfo-integrado\/Material%20de%20Apoio\/apostila_press.pdf>. Acesso em: 13 abr. 2017.\n\nBONILLA, Maria Helena Silveira; OLIVERIA, Paulo Cezar Souza de. In. BONILLA, Maria Helena Silveira; PRETTO, Nelson De Luca (org). Inclus\u00e3o Digital: ambiguidades em curso. Inclus\u00e3o digital: pol\u00eamica contempor\u00e2nea. Salvador: EDUFBA, 2011, v. 2. Dispon\u00edvel em: <http:\/\/static.scielo.org\/scielobooks\/qfgmr\/pdf\/bonilla-9788523212063.pdf>. Acesso em: 29 nov. 2016.\n\nBRASIL. Minist\u00e9rio da Educa\u00e7\u00e3o. Secretaria da Educa\u00e7\u00e3o B\u00e1sica. Diretrizes Curriculares Nacionais Gerais da Educa\u00e7\u00e3o B\u00e1sica. Bras\u00edlia: MEC; SEB; DICEI, 2013. Dispon\u00edvel em: <http:\/\/portal.mec.gov.br\/index.php?option=com_docman&view=download&alias=15548-d-c-n-educacao-basica-nova-pdf&category_slug=abril-2014-pdf&Itemid=30192>. Acesso em: 28 nov. 2016 e 13 abr. 2017.\n\n______. Secretaria de Educa\u00e7\u00e3o Continuada, Alfabetiza\u00e7\u00e3o, Diversidade e Inclus\u00e3o. Pronacampo. IV Eixo: Infraestrutura F\u00edsica e Tecnol\u00f3gica. Disponibiliza\u00e7\u00e3o de laborat\u00f3rios de inform\u00e1tica. Inclus\u00e3o Digital. Dispon\u00edvel em: <http:\/\/portal.mec.gov.br\/secretaria-de-educacao-continuada-alfabetizacao-diversidade-e-inclusao\/programas-e-acoes?id=18730>. Acesso em: 22 jul. 2016.\n\nSANTOS, Edm\u00e9a. A mobilidade cibercultural: cotidianos na interface educa\u00e7\u00e3o e comunica\u00e7\u00e3o. Em Aberto, Bras\u00edlia, v. 28, n. 94, p. 134-145, jul.\/dez. 2015. Dispon\u00edvel em: <http:\/\/portal.inep.gov.br\/documents\/186968\/485895\/Movimentos+colaborativos%2C+tecnologias+digitais+e+educa%C3%A7%C3%A3o\/e01b8168-9865-4f95-8b17-b0acb64e7316?version=1.3>. Acesso em: 17 abr. 2017.\n\nUNESCO. Computador na escola: tecnologia e aprendizagem. Tecnologia, Informa\u00e7\u00e3o e Inclus\u00e3o. Tics nas escolas, v. 3, n. 3, 2008. Dispon\u00edvel em: <http:\/\/unesdoc.unesco.org\/images\/0015\/001585\/158529por.pdf>. Acesso em: 28 nov. 2016.\n\n______. Acesso \u00e0s novas tecnologias: Brasil no rumo da inclus\u00e3o. Tecnologia, Informa\u00e7\u00e3o e Inclus\u00e3o. Tics nas escolas, v.1, n.1, 2008. Dispon\u00edvel em: <http:\/\/unesdoc.unesco.org\/images\/0015\/001585\/158502por.pdf>. Acesso em: 28 nov. 2016."}],"related":[{"uri":"https:\/\/vocabularios.educacion.gob.ar\/admin\/brasil\/termino\/7\/share\/jsonld"},{"uri":"https:\/\/vocabularios.educacion.gob.ar\/admin\/brasil\/termino\/8\/share\/jsonld"},{"uri":"https:\/\/vocabularios.educacion.gob.ar\/admin\/brasil\/termino\/585\/share\/jsonld"},{"uri":"https:\/\/vocabularios.educacion.gob.ar\/admin\/brasil\/termino\/185\/share\/jsonld"}]}