{"tema_id":"136","string":"FORMA\u00c7\u00c3O DE FORMADORES","created":"2011-03-22 15:07:58","code":null,"modified":"2016-11-16 12:58:12","notes":[{"@type":"nota de alcance","@lang":"pt","@value":"Atividade docente do mais alto n\u00edvel de responsabilidade social e do profissional da educa\u00e7\u00e3o que, por conseguinte, requer o maior n\u00edvel de forma\u00e7\u00e3o alcan\u00e7ado na profiss\u00e3o docente. A atua\u00e7\u00e3o como formador de formadores implica concep\u00e7\u00f5es e pr\u00e1ticas que superem a transfer\u00eancia de t\u00e9cnicas ou procedimentos de um patamar profissional, a serem aplicados por outro cujo exerc\u00edcio profissional seja mais restrito ou mais baixo nos n\u00edveis da educa\u00e7\u00e3o formal, considerando, para isso, o desenvolvimento da aprendizagem ativa e investigativa da pr\u00f3pria pr\u00e1tica de ensino."},{"@type":"nota bibliogr\u00e1fica","@lang":"pt","@value":"Defini\u00e7\u00e3o ajustada pela Equipe Cibec com base nas seguintes refer\u00eancias:\n\nCOLLINS, Heloisa; GARCIA, Ana Luiza Marcondes. Avalia\u00e7\u00e3o da experi\u00eancia em Ead em um contexto de forma\u00e7\u00e3o de formadores. Educa\u00e7\u00e3o Tem\u00e1tica Digital, Campinas, v. 10, n. 2, p.330-354, jun. 2009. Dispon\u00edvel em: <https:\/\/www.fe.unicamp.br\/revistas\/ged\/etd\/article\/view\/2006\/1835>. Acesso em: 3 ago. 2015.\n\nPEREIRA, Wally Chan et al. A forma\u00e7\u00e3o dos formadores em face dos novos conceitos da produ\u00e7\u00e3o no contexto da globaliza\u00e7\u00e3o. Revista Brasileira de Estudos Pedag\u00f3gicos, Bras\u00edlia, v. 81, n. 198, p. 209-218, maio\/ago. 2000. Dispon\u00edvel em: <http:\/\/rbep.inep.gov.br\/index.php\/RBEP\/article\/viewFile\/141\/141>. Acesso em: 19 out. 2015.\n\nPRADA, Luis Eduardo Alvarado. Dever e direito \u00e0 forma\u00e7\u00e3o continuada de professores. Revista Profiss\u00e3o Docente, Uberaba, v.7, n. 16, p. 110-123, ago.\/dez. 2007. Dispon\u00edvel em: <http:\/\/www.revistasdigitais.uniube.br\/index.php\/rpd\/article\/view\/257\/247>. Acesso em: 3 ago. 2015.\n\nSANTOS, Vin\u00edcio de Macedo. Forma\u00e7\u00e3o de formadores: que forma\u00e7\u00e3o \u00e9 essa? Revista de Educa\u00e7\u00e3o PUC-Campinas, Campinas, n. 18, p. 61-64, jun. 2005. Dispon\u00edvel em: <http:\/\/periodicos.puc-campinas.edu.br\/seer\/index.php\/reveducacao\/article\/viewFile\/260\/243>. Acesso em: 20 abr. 2016."}]}