{"@context":{"skos":"http:\/\/www.w3.org\/2004\/02\/skos\/core#","dct":"http:\/\/purl.org\/dc\/terms\/","uri":"@id","type":"@type","lang":"@language","value":"@value","prefLabel":"skos:prefLabel","inScheme":"skos:inScheme","broader":"skos:broader","narrower":"skos:narrower","related":"skos:related","exactMatch":"skos:exactMatch"},"uri":"https:\/\/vocabularios.educacion.gob.ar\/admin\/brasil\/termino\/134\/share\/skos","type":"skos:Concept","prefLabel":{"lang":"pt","value":"FORMA\u00c7\u00c3O INTEGRAL"},"inScheme":{"uri":"https:\/\/vocabularios.educacion.gob.ar\/admin\/brasil\/"},"dct:created":{"type":"http:\/\/www.w3.org\/2001\/XMLSchema#dateTime","value":"2011-03-22 15:07:58"},"dct:modified":{"type":"http:\/\/www.w3.org\/2001\/XMLSchema#dateTime","value":"2017-02-08 15:42:47"},"skos:scopeNote":[{"lang":"pt","value":"Processo educacional que incorpora uma fun\u00e7\u00e3o educativa mais ampla que a tradicional escolariza\u00e7\u00e3o de conhecimentos, conte\u00fados e habilidades, buscando o pleno desenvolvimento dos educandos e sua inser\u00e7\u00e3o \u00e9tica, pol\u00edtica, social, cultural e profissional, por meio da intera\u00e7\u00e3o entre escola, fam\u00edlia e sociedade."}],"skos:note":[{"lang":"pt","value":"Defini\u00e7\u00e3o elaborada pela Equipe Cibec com base nas seguintes refer\u00eancias:\n\nBRASIL. Lei n. 9.394, de 20 de dezembro de 1996. Estabelece as diretrizes e bases da educa\u00e7\u00e3o nacional. Dispon\u00edvel em: <http:\/\/www.planalto.gov.br\/ccivil_03\/LEIS\/L9394.htm>. Acesso em: 2 fev. 2017.\n\n______. Minist\u00e9rio da Educa\u00e7\u00e3o. Secretaria de Educa\u00e7\u00e3o Continuada, Alfabetiza\u00e7\u00e3o, Diversidade e Inclus\u00e3o. Educa\u00e7\u00e3o integral: texto refer\u00eancia para o debate nacional. Bras\u00edlia: Secad\/MEC, 2009. (S\u00e9rie Mais Educa\u00e7\u00e3o). Dispon\u00edvel em: <http:\/\/portal.mec.gov.br\/dmdocuments\/cadfinal_educ_integral.pdf>. Acesso em: 2 fev. 2017.\n\nCENTRO DE REFER\u00caNCIAS EM EDUCA\u00c7\u00c3O INTEGRAL. 7 educadores brasileiros fundamentais para compreender a educa\u00e7\u00e3o integral. 3 jan. 2017. Dispon\u00edvel em: . Acesso em: 2 fev. 2017.\n\nRODRIGUES, Neidson. Educa\u00e7\u00e3o: da forma\u00e7\u00e3o humana \u00e0 constru\u00e7\u00e3o do sujeito \u00e9tico. Educa\u00e7\u00e3o & Sociedade, Campinas, v. 22, n. 76, p.232-257, out. 2001. Dispon\u00edvel em: <http:\/\/www.scielo.br\/scielo.php?script=sci_arttext&pid=S0101-73302001000300013>. Acesso em: 3 fev. 2017."}]}