{"@context":{"skos":"http:\/\/www.w3.org\/2004\/02\/skos\/core#","dct":"http:\/\/purl.org\/dc\/terms\/","uri":"@id","type":"@type","lang":"@language","value":"@value","prefLabel":"skos:prefLabel","inScheme":"skos:inScheme","broader":"skos:broader","narrower":"skos:narrower","related":"skos:related","exactMatch":"skos:exactMatch"},"uri":"https:\/\/vocabularios.educacion.gob.ar\/admin\/brasil\/termino\/131\/share\/skos","type":"skos:Concept","prefLabel":{"lang":"pt","value":"EXTENS\u00c3O UNIVERSIT\u00c1RIA"},"inScheme":{"uri":"https:\/\/vocabularios.educacion.gob.ar\/admin\/brasil\/"},"dct:created":{"type":"http:\/\/www.w3.org\/2001\/XMLSchema#dateTime","value":"2011-03-22 15:07:58"},"dct:modified":{"type":"http:\/\/www.w3.org\/2001\/XMLSchema#dateTime","value":"2016-05-05 13:58:21"},"skos:scopeNote":[{"lang":"pt","value":"Processo educativo, cultural e cient\u00edfico que articula o Ensino e a Pesquisa de forma indissoci\u00e1vel e viabiliza a rela\u00e7\u00e3o transformadora entre universidade e sociedade."}],"skos:note":[{"lang":"pt","value":"BRASIL. Minist\u00e9rio da Educa\u00e7\u00e3o. Secretaria de Educa\u00e7\u00e3o Superior. Plano Nacional de Extens\u00e3o Universit\u00e1ria. F\u00f3rum de Pr\u00f3-Reitores de Extens\u00e3o das Universidades P\u00fablicas. Dispon\u00edvel em: <http:\/\/www.renex.org.br\/documentos\/Colecao-Extensao-Universitaria\/01-Plano-Nacional-Extensao\/Plano-nacional-de-extensao-universitaria-editado.pdf>. Acesso em: 24 fev. 2016."}]}