{"tema_id":"131","string":"EXTENS\u00c3O UNIVERSIT\u00c1RIA","created":"2011-03-22 15:07:58","code":null,"modified":"2016-05-05 13:58:21","notes":[{"@type":"nota de alcance","@lang":"pt","@value":"Processo educativo, cultural e cient\u00edfico que articula o Ensino e a Pesquisa de forma indissoci\u00e1vel e viabiliza a rela\u00e7\u00e3o transformadora entre universidade e sociedade."},{"@type":"nota bibliogr\u00e1fica","@lang":"pt","@value":"BRASIL. Minist\u00e9rio da Educa\u00e7\u00e3o. Secretaria de Educa\u00e7\u00e3o Superior. Plano Nacional de Extens\u00e3o Universit\u00e1ria. F\u00f3rum de Pr\u00f3-Reitores de Extens\u00e3o das Universidades P\u00fablicas. Dispon\u00edvel em: <http:\/\/www.renex.org.br\/documentos\/Colecao-Extensao-Universitaria\/01-Plano-Nacional-Extensao\/Plano-nacional-de-extensao-universitaria-editado.pdf>. Acesso em: 24 fev. 2016."}]}