{"@context":{"skos":"http:\/\/www.w3.org\/2004\/02\/skos\/core#","dct":"http:\/\/purl.org\/dc\/terms\/","uri":"@id","type":"@type","lang":"@language","value":"@value","prefLabel":"skos:prefLabel","inScheme":"skos:inScheme","broader":"skos:broader","narrower":"skos:narrower","related":"skos:related","exactMatch":"skos:exactMatch"},"uri":"https:\/\/vocabularios.educacion.gob.ar\/admin\/brasil\/termino\/129\/share\/skos","type":"skos:Concept","prefLabel":{"lang":"pt","value":"AVALIA\u00c7\u00c3O INSTITUCIONAL"},"inScheme":{"uri":"https:\/\/vocabularios.educacion.gob.ar\/admin\/brasil\/"},"dct:created":{"type":"http:\/\/www.w3.org\/2001\/XMLSchema#dateTime","value":"2011-03-22 15:07:58"},"dct:modified":{"type":"http:\/\/www.w3.org\/2001\/XMLSchema#dateTime","value":"2016-07-05 17:20:53"},"skos:scopeNote":[{"lang":"pt","value":"Processo avaliativo conduzido por avaliadores externos ou internos, com a finalidade de buscar o amplo conhecimento da pr\u00e1tica institucional, de forma integrada e global, para aprimorar sua qualidade e aprofundar compromissos, reafirmando suas pol\u00edticas e seus valores."}],"skos:note":[{"lang":"pt","value":"Defini\u00e7\u00e3o elaborada pela Rede de Especialistas do Inep com base na seguinte refer\u00eancia:\n\nDIAS SOBRINHO, Jos\u00e9. Avalia\u00e7\u00e3o Institucional: Marcos te\u00f3ricos e Pol\u00edticos. Avalia\u00e7\u00e3o, Campinas, v.1, n.1, 1996. Dispon\u00edvel em: <http:\/\/periodicos.uniso.br\/ojs\/index.php?journal=avaliacao&page=article&op=view&path[]=722&path[]=pdf>. Acesso em: 3 ago. 2015."}]}