{"@context":{"skos":"http:\/\/www.w3.org\/2004\/02\/skos\/core#","dct":"http:\/\/purl.org\/dc\/terms\/","uri":"@id","type":"@type","lang":"@language","value":"@value","prefLabel":"skos:prefLabel","inScheme":"skos:inScheme","broader":"skos:broader","narrower":"skos:narrower","related":"skos:related","exactMatch":"skos:exactMatch"},"uri":"https:\/\/vocabularios.educacion.gob.ar\/admin\/brasil\/termino\/12\/share\/skos","type":"skos:Concept","prefLabel":{"lang":"pt","value":"ANALFABETO"},"inScheme":{"uri":"https:\/\/vocabularios.educacion.gob.ar\/admin\/brasil\/"},"dct:created":{"type":"http:\/\/www.w3.org\/2001\/XMLSchema#dateTime","value":"2011-03-22 15:07:58"},"dct:modified":{"type":"http:\/\/www.w3.org\/2001\/XMLSchema#dateTime","value":"2016-07-14 17:40:44"},"skos:scopeNote":[{"lang":"pt","value":"Indiv\u00edduo que n\u00e3o sabe ler nem escrever. No contexto do Censo Demogr\u00e1fico Brasileiro, considera-se analfabeta a pessoa de 5 anos ou mais de idade que declara n\u00e3o saber ler ou escrever um bilhete simples no idioma que conhece, a que aprendeu a ler e escrever, mas esqueceu devido a ter passado por um processo de alfabetiza\u00e7\u00e3o que n\u00e3o se consolidou, e a que apenas assina o pr\u00f3prio nome."}],"skos:note":[{"lang":"pt","value":"Defini\u00e7\u00e3o ajustada pela Equipe Cibec com base nas seguintes refer\u00eancias:\n\nATLAS DO CENSO DEMOGR\u00c1FICO 2010. Gloss\u00e1rio. Rio de Janeiro: IBGE, 2013. Dispon\u00edvel em: <http:\/\/biblioteca.ibge.gov.br\/visualizacao\/livros\/liv64529_ref_glossario_equipetec.pdf>. Acesso em: 7 jul. 2016.\n\nFERRARO, Alceu Ravanello. Analfabetismo. In. UNIVERSIDADE FEDERAL DE MINAS GERAIS. Faculdade de Educa\u00e7\u00e3o. Gloss\u00e1rio CEALE: Termos de Alfabetiza\u00e7\u00e3o, Leitura e Escrita para educadores. Dispon\u00edvel em: <http:\/\/ceale.fae.ufmg.br\/app\/webroot\/glossarioceale\/verbetes\/analfabetismo>. Acesso em: 29 jul. 2015.\n\nUNESCO. Gloss\u00e1rio de Terminologia Curricular. Tradu\u00e7\u00e3o de Rita Brossard, 2016. Dispon\u00edvel em: <http:\/\/unesdoc.unesco.org\/images\/0022\/002230\/223059por.pdf>. Acesso em: 15 abr. 2016."}],"related":[{"uri":"https:\/\/vocabularios.educacion.gob.ar\/admin\/brasil\/termino\/10\/share\/jsonld"},{"uri":"https:\/\/vocabularios.educacion.gob.ar\/admin\/brasil\/termino\/11\/share\/jsonld"},{"uri":"https:\/\/vocabularios.educacion.gob.ar\/admin\/brasil\/termino\/196\/share\/jsonld"}]}