{"tema_id":"11","string":"ANALFABETISMO FUNCIONAL","created":"2011-03-22 15:07:58","code":null,"modified":"2015-12-07 16:10:36","notes":[{"@type":"nota de alcance","@lang":"pt","@value":"Estado ou condi\u00e7\u00e3o de indiv\u00edduos, comunidades ou sociedades que, mesmo possuindo algumas habilidades de leitura e escrita, como identificar palavras e informa\u00e7\u00e3o expl\u00edcita em textos simples e curtos, n\u00e3o conseguem participar de pr\u00e1ticas na sociedade que demandem habilidades de leitura e escrita mais complexas do que as que possuem. Conforme o IBGE, trata-se de uma popula\u00e7\u00e3o com escolaridade de at\u00e9 3 (tr\u00eas) anos de estudo em rela\u00e7\u00e3o ao total de pessoas na mesma faixa et\u00e1ria."},{"@type":"nota bibliogr\u00e1fica","@lang":"pt","@value":"Defini\u00e7\u00e3o elaborada pela Rede de Especialistas do Inep com base nas seguintes refer\u00eancias:\n\nIBGE. Censo Demogr\u00e1fico de 2000. Rio de Janeiro: IBGE, 2000. Dispon\u00edvel em: <http:\/\/seriesestatisticas.ibge.gov.br\/series.aspx?vcodigo=PD384&sv=8&t=taxa-de-analfabetismo-funcional>. Acesso em: 3 ago. 2015.\n\nINSTITUTO NACIONAL DE ESTUDOS E PESQUISAS EDUCACIONAIS AN\u00cdSIO TEIXEIRA. Analfabetismo: Dire\u00e7\u00e3o? A\u00e7\u00f5es? Resultados? Tradu\u00e7\u00e3o de HAUTECOEUR, Jean-Paul (ed.). In. UNESCO. Alpha 92: current research in literacy: literacy strategies in the community movement. Quebec, Unesco Institute for Education. S\u00e9rie Documental:Tradu\u00e7\u00f5es, n. 2, p. 9- 27 ago. 1993.\n\nRIBEIRO, Vera Masag\u00e3o. Analfabetismo e Analfabetismo Funcional no Brasil. Instituto Paulo Montenegro. Dispon\u00edvel em: <http:\/\/www.faccamp.br\/letramento\/GERAIS\/analfabetismo.pdf>. Acesso em: 4 ago. 2015."}]}