{"@context":{"skos":"http:\/\/www.w3.org\/2004\/02\/skos\/core#","dct":"http:\/\/purl.org\/dc\/terms\/","uri":"@id","type":"@type","lang":"@language","value":"@value","prefLabel":"skos:prefLabel","inScheme":"skos:inScheme","broader":"skos:broader","narrower":"skos:narrower","related":"skos:related","exactMatch":"skos:exactMatch"},"uri":"https:\/\/vocabularios.educacion.gob.ar\/admin\/brasil\/termino\/109\/share\/skos","type":"skos:Concept","prefLabel":{"lang":"pt","value":"ACELERA\u00c7\u00c3O DA APRENDIZAGEM"},"inScheme":{"uri":"https:\/\/vocabularios.educacion.gob.ar\/admin\/brasil\/"},"dct:created":{"type":"http:\/\/www.w3.org\/2001\/XMLSchema#dateTime","value":"2011-03-22 15:07:58"},"dct:modified":{"type":"http:\/\/www.w3.org\/2001\/XMLSchema#dateTime","value":"2016-06-03 15:19:01"},"skos:scopeNote":[{"lang":"pt","value":"Proposta de ensino-aprendizagem que adota metodologias e materiais pedag\u00f3gicos espec\u00edficos, destinada a alunos com defasagem idade-s\u00e9rie, no \u00e2mbito da Educa\u00e7\u00e3o B\u00e1sica, com o objetivo de capacit\u00e1-los a progredir em uma ou mais s\u00e9ries em um ano letivo, a fim de corrigir o fluxo escolar e reintegr\u00e1-los no percurso regular de ensino."}],"skos:historyNote":[{"lang":"pt","value":"A legisla\u00e7\u00e3o vigente permite que as institui\u00e7\u00f5es de ensino adotem a acelera\u00e7\u00e3o de estudos para \"terminalidade espec\u00edfica para aqueles que n\u00e3o puderem atingir o n\u00edvel exigido para a conclus\u00e3o do ensino fundamental, em virtude de suas defici\u00eancias, e acelera\u00e7\u00e3o para concluir em menor tempo o programa escolar para os superdotados\" (BRASIL, 1996). No caso dos alunos com altas habilidades\/superdotados, a acelera\u00e7\u00e3o de estudos insere-se em \"um tipo de programa de atendimento educacional especializado que pode ser utilizado quando a avalia\u00e7\u00e3o de aprendizagem realizada na escola evidencia que o aluno demonstra compet\u00eancias, habilidades e conhecimentos em n\u00edveis de desenvolvimento efetivo para al\u00e9m dos evidenciados por seus pares em n\u00edvel escolar\", no \u00e2mbito da Educa\u00e7\u00e3o B\u00e1sica e da Educa\u00e7\u00e3o Superior. (DELOU, 2007)."}],"skos:note":[{"lang":"pt","value":"Defini\u00e7\u00e3o e nota elaboradas pela Equipe Cibec com base nas seguintes refer\u00eancias:\n\nRefer\u00eancias da defini\u00e7\u00e3o:\n\nBRASIL. Minist\u00e9rio da Educa\u00e7\u00e3o. Secretaria de Educa\u00e7\u00e3o B\u00e1sica. Diretrizes Curriculares Nacionais Gerais da Educa\u00e7\u00e3o B\u00e1sica. Bras\u00edlia: MEC; SEB; DICEI, 2013. Dispon\u00edvel em: <http:\/\/portal.mec.gov.br\/index.php?option=com_content&view=article&id=293&Itemid=810>. Acesso em: 27 abr. 2016.\n\n______. Secretaria de Educa\u00e7\u00e3o Fundamental. Pol\u00edticas de melhoria da qualidade da educa\u00e7\u00e3o: um balan\u00e7o institucional. Bras\u00edlia: MEC\/SEF, 2002. Dispon\u00edvel em: <http:\/\/mecsrv137.mec.gov.br\/download\/texto\/me000682.pdf>. Acesso em: 26 abr. 2016.\n\n______. Lei n. 9.394, de 20 de dezembro de 1996. Estabelece as diretrizes e bases da educa\u00e7\u00e3o nacional. [Di\u00e1rio Oficial da Rep\u00fablica Federativa do Brasil], Bras\u00edlia, DF, 23 dez. 1996. Dispon\u00edvel em: <http:\/\/www.planalto.gov.br\/ccivil_03\/leis\/l9394.htm>. Acesso em: 26 abr. 2016.\n\nINSTITUTO NACIONAL DE ESTUDOS E PESQUISAS EDUCACIONAIS AN\u00cdSIO TEIXEIRA. Diretoria de Estat\u00edsticas Educacionais. Censo Escolar da Educa\u00e7\u00e3o B\u00e1sica 2015. Caderno de Instru\u00e7\u00f5es. Bras\u00edlia: Inep\/MEC, 2015. Dispon\u00edvel em: <http:\/\/download.inep.gov.br\/educacao_basica\/educacenso\/matricula_inicial\/2015\/documentos\/caderno_instrucoes.pdf>. Acesso em: 11 maio 2016.\n\nL\u00dcCK, Heloisa; PARENTE, Marta. A acelera\u00e7\u00e3o da aprendizagem para corrigir o fluxo escolar: o caso do Paran\u00e1. Texto para Discuss\u00e3o do Ipea, Bras\u00edlia, n. 1274, ago. 2007. Dispon\u00edvel em: <http:\/\/www.ipea.gov.br\/portal\/index.php?option=com_content&view=article&id=4511>. Acesso em: 18 abr. 2016.\n\nRefer\u00eancias da nota hist\u00f3rica:\n\nBRASIL. Lei n. 9.394, de 20 de dezembro de 1996. Estabelece as diretrizes e bases da educa\u00e7\u00e3o nacional. [Di\u00e1rio Oficial da Rep\u00fablica Federativa do Brasil], Bras\u00edlia, DF, 23 dez. 1996. Dispon\u00edvel em: <http:\/\/www.planalto.gov.br\/ccivil_03\/leis\/l9394.htm>. Acesso em: 26 abr. 2016.\n\nDELOU, Cristina Maria Carvalho. Educa\u00e7\u00e3o do aluno com altas habilidades\/superdota\u00e7\u00e3o: legisla\u00e7\u00e3o e pol\u00edticas educacionais para a inclus\u00e3o. In: BRASIL. Minist\u00e9rio da Educa\u00e7\u00e3o. Secretaria de Educa\u00e7\u00e3o Especial. A constru\u00e7\u00e3o de pr\u00e1ticas educacionais para alunos com altas habilidades\/superdota\u00e7\u00e3o. Volume 1: Orienta\u00e7\u00e3o a Professores. Organiza\u00e7\u00e3o do Texto: Denise de Souza Fleith. Bras\u00edlia: MEC, 2007. Dispon\u00edvel em: <http:\/\/portal.mec.gov.br\/seesp\/arquivos\/pdf\/altashab2.pdf>. Acesso em: 28 abr. 2016."}],"related":[{"uri":"https:\/\/vocabularios.educacion.gob.ar\/admin\/brasil\/termino\/18\/share\/jsonld"},{"uri":"https:\/\/vocabularios.educacion.gob.ar\/admin\/brasil\/termino\/238\/share\/jsonld"},{"uri":"https:\/\/vocabularios.educacion.gob.ar\/admin\/brasil\/termino\/187\/share\/jsonld"}],"altLabel":[{"lang":"pt","value=":"Acelera\u00e7\u00e3o da Escolaridade"},{"lang":"pt","value=":"Acelera\u00e7\u00e3o de Estudos"},{"lang":"pt","value=":"Acelera\u00e7\u00e3o Escolar"}]}